{"id":1036,"date":"2020-05-06T18:21:17","date_gmt":"2020-05-06T16:21:17","guid":{"rendered":"https:\/\/conteurspro.fr\/site\/?p=1036"},"modified":"2024-02-05T11:20:56","modified_gmt":"2024-02-05T10:20:56","slug":"un-etat-des-lieux-du-conte-en-france","status":"publish","type":"post","link":"https:\/\/conteurspro.fr\/site\/2020\/05\/06\/un-etat-des-lieux-du-conte-en-france\/","title":{"rendered":"Un \u00e9tat des lieux du conte en France"},"content":{"rendered":"<p>\u00c0 la suite des \u00e9v\u00e8nements, les commissions ont d\u00fb ralentir ou arr\u00eater leurs projets, et les AC ont \u00e9t\u00e9 report\u00e9s sans date d\u00e9finie. <b>Mais nous n\u2019avons pas arr\u00eat\u00e9 pour autant nos actions. <\/b><\/p>\n<p>Un questionnaire sur les activit\u00e9s professionnelles des conteurs et conteuses portant sur l\u2019ann\u00e9e 2019 a \u00e9t\u00e9 lanc\u00e9\u00a0: le QAP 2019.<\/p>\n<p>Pour \u00e9tablir un \u00e9tat des lieux de la vie du conte en France, par des chiffres et une carte r\u00e9percutant toutes les communes o\u00f9 il y a eu conte. Ces chiffres et ces impacts localis\u00e9s nous serviront \u00e0 conna\u00eetre notre travail mais aussi \u00e0 le faire reconna\u00eetre. Pour hier et surtout pour demain\u00a0!<\/p>\n<p>Si vous d\u00e9sirez y participer, n\u2019h\u00e9sitez pas\u00a0: c\u2019est ici\u00a0: \u00a0<a href=\"https:\/\/conteurspro.fr\/site\/wp-content\/uploads\/2020\/05\/QAP2019-APAC.doc\">QAP2019<\/a><span style=\"color: #c45911;\">\u00a0<\/span>pour nous le faire parvenir \u00e0\u00a0:<span style=\"color: #034990;\"><span style=\"caret-color: #034990;\">\u00a0apac(at)conteurspro.fr<\/span><\/span>\u00a0<b>Merci de votre aide.<\/b><\/p>\n<p>Le coll\u00e8ge et tous.tes les compagnon.nes<\/p>\n","protected":false},"excerpt":{"rendered":"<p>\u00c0 la suite des \u00e9v\u00e8nements, les commissions ont d\u00fb ralentir ou arr\u00eater leurs projets, et les AC ont \u00e9t\u00e9 report\u00e9s sans date d\u00e9finie. Mais nous n\u2019avons pas arr\u00eat\u00e9 pour autant nos actions. Un questionnaire sur les activit\u00e9s professionnelles des conteurs et conteuses portant sur l\u2019ann\u00e9e 2019 a \u00e9t\u00e9 lanc\u00e9\u00a0: le QAP 2019. Pour \u00e9tablir un \u00e9tat des lieux de la vie du conte en France, par des chiffres et une carte r\u00e9percutant toutes les communes o\u00f9 il y a eu conte. Ces chiffres et ces impacts localis\u00e9s nous serviront \u00e0 conna\u00eetre notre travail mais aussi \u00e0 le faire reconna\u00eetre. Pour hier et surtout pour demain\u00a0! Si vous d\u00e9sirez y participer, n\u2019h\u00e9sitez pas\u00a0: c\u2019est ici\u00a0: \u00a0QAP2019\u00a0pour nous le faire parvenir \u00e0\u00a0:\u00a0apac(at)conteurspro.fr\u00a0Merci de votre aide. Le coll\u00e8ge et tous.tes les compagnon.nes<\/p>\n","protected":false},"author":9,"featured_media":0,"comment_status":"closed","ping_status":"open","sticky":false,"template":"","format":"standard","meta":{"footnotes":""},"categories":[1],"tags":[],"class_list":["post-1036","post","type-post","status-publish","format-standard","hentry","category-non-classe"],"_links":{"self":[{"href":"https:\/\/conteurspro.fr\/site\/wp-json\/wp\/v2\/posts\/1036","targetHints":{"allow":["GET"]}}],"collection":[{"href":"https:\/\/conteurspro.fr\/site\/wp-json\/wp\/v2\/posts"}],"about":[{"href":"https:\/\/conteurspro.fr\/site\/wp-json\/wp\/v2\/types\/post"}],"author":[{"embeddable":true,"href":"https:\/\/conteurspro.fr\/site\/wp-json\/wp\/v2\/users\/9"}],"replies":[{"embeddable":true,"href":"https:\/\/conteurspro.fr\/site\/wp-json\/wp\/v2\/comments?post=1036"}],"version-history":[{"count":5,"href":"https:\/\/conteurspro.fr\/site\/wp-json\/wp\/v2\/posts\/1036\/revisions"}],"predecessor-version":[{"id":1043,"href":"https:\/\/conteurspro.fr\/site\/wp-json\/wp\/v2\/posts\/1036\/revisions\/1043"}],"wp:attachment":[{"href":"https:\/\/conteurspro.fr\/site\/wp-json\/wp\/v2\/media?parent=1036"}],"wp:term":[{"taxonomy":"category","embeddable":true,"href":"https:\/\/conteurspro.fr\/site\/wp-json\/wp\/v2\/categories?post=1036"},{"taxonomy":"post_tag","embeddable":true,"href":"https:\/\/conteurspro.fr\/site\/wp-json\/wp\/v2\/tags?post=1036"}],"curies":[{"name":"wp","href":"https:\/\/api.w.org\/{rel}","templated":true}]}}