{"id":1080,"date":"2020-05-28T11:15:08","date_gmt":"2020-05-28T09:15:08","guid":{"rendered":"https:\/\/conteurspro.fr\/site\/?p=1080"},"modified":"2025-01-16T19:47:53","modified_gmt":"2025-01-16T18:47:53","slug":"et-si-je-testais-mon-repertoire-de-contes","status":"publish","type":"post","link":"https:\/\/conteurspro.fr\/site\/2020\/05\/28\/et-si-je-testais-mon-repertoire-de-contes\/","title":{"rendered":"Et si je testais mon r\u00e9pertoire de contes ?"},"content":{"rendered":"<p style=\"margin: 0cm; margin-bottom: .0001pt;\">\u00ab\u00a0Il \u00e9tait une fois un roi qui avait douze fils\u2026\u00a0\u00bb.<\/p>\n<p style=\"margin: 0cm; margin-bottom: .0001pt;\">\u00c7a commence bien, mais\u2026 o\u00f9 est la reine ? O\u00f9 sont les s\u0153urs ?<br \/>\nQu\u2019en est-il des filles, des gar\u00e7ons, des fils, des filles, des h\u00e9ros et h\u00e9ro\u00efnes dans nos histoires ?<br \/>\nEt si je testais mon propre r\u00e9pertoire ? Aurai-je des surprises ?<\/p>\n<p style=\"margin: 0cm; margin-bottom: .0001pt;\">Chiche !<\/p>\n<p style=\"margin: 0cm; margin-bottom: .0001pt;\">Premi\u00e8re question : je pr\u00e9pare une racont\u00e9e d&rsquo;une heure. OK. Au bout de combien de temps appara\u00eet une premi\u00e8re femme et dans quel r\u00f4le ?<br \/>\nPour aller plus loin : Et si je faisais <strong>le test de Mako Mori<\/strong> ? Il s\u2019inspire du <strong>test de Bechdel<\/strong> qui permet de mettre en \u00e9vidence l&rsquo;\u00e9ventuelle sur-repr\u00e9sentation des protagonistes masculins ou la sous-repr\u00e9sentation de personnages f\u00e9minins dans une \u0153uvre de fiction.<\/p>\n<p style=\"margin: 0cm; margin-bottom: .0001pt;\">On y va, c\u2019est tr\u00e8s simple :<\/p>\n<p style=\"margin: 0cm; margin-bottom: .0001pt;\">1. Le conte doit avoir au moins un personnage f\u00e9minin ;<br \/>\n2. Ce personnage a son propre arc narratif ;<br \/>\n3. Cet arc ne consiste pas \u00e0 \u00eatre le faire-valoir d&rsquo;un personnage masculin.<br \/>\nSi l\u2019\u0153uvre cont\u00e9e v\u00e9rifie ces trois crit\u00e8res, le test est dit r\u00e9ussi.<br \/>\nSi ce n&rsquo;est pas le cas, cela peut indiquer que l\u2019\u0153uvre est centr\u00e9e sur des figures masculines, voire correspond au \u201csyndrome de la Schtroumpfette\u201d.<\/p>\n<p style=\"margin: 0cm; margin-bottom: .0001pt;\">Pour en savoir plus sur le test de Bechdel : voir Wikip\u00e9dia.<\/p>\n<p style=\"margin: 0cm; margin-bottom: .0001pt;\">Allons, on le fait ?<\/p>\n<p style=\"margin: 0cm; margin-bottom: .0001pt;\">Pr\u00e9cision : cette proposition reste celle d&rsquo;un aut-questionnement, il n&rsquo;y a pas d&rsquo;attente de r\u00e9ponse. Peut-\u00eatre un \u00e9change l\u00e0-dessus \u00e0 la prochaine AG de l\u2019APAC sera-t-il le bienvenu ?<\/p>\n<p>Pour aller plus loin, voici quelques comptes rendus de colloques organis\u00e9s par l&rsquo;APACC :<\/p>\n<ul>\n<li><span class=\"Style1\">\u00a0<\/span><strong>Le conte reflet des in\u00e9galit\u00e9s ou outils d&rsquo;\u00e9mancipation-<\/strong><span class=\"Style1\">Rencontre organis\u00e9e par l&rsquo;APAC le 14 juillet 2017 au village du off en Avignon sur le th\u00e8me :<\/span><span class=\"Style1\"> &#8211;\u00a0<a href=\"https:\/\/conteurspro.fr\/pdf\/egalite\/Contribution-Elena-Suzat-Avignon%2014%20%20juillet.pdf\">Lire la contribution d&rsquo;El\u00e8na Suzat<\/a><\/span><\/li>\n<li><a href=\"https:\/\/conteurspro.fr\/site\/pdf\/10_etudes-colloques\/Etude_Parite_Marion_Firecka_2013.pdf\">Etude<\/a>\u00a0<a href=\"https:\/\/conteurspro.fr\/site\/pdf\/10_etudes-colloques\/Etude_Parite_Marion_Firecka_2013.pdf\">\u00ab\u00a0Parit\u00e9 hommes femmes dans le conte\u00a0\u00bb 2013<\/a><\/li>\n<li><a href=\"https:\/\/conteurspro.fr\/site\/pdf\/10_etudes-colloques\/2011_Colloque_femme_dans_le_conte_et_la_femme_conteuse.pdf\">compte rendu colloque \u00ab\u00a0la femme conteuse et la femme dans le conte\u00a0\u00bb 2011<\/a><\/li>\n<li><a href=\"https:\/\/conteurspro.fr\/site\/pdf\/10_etudes-colloques\/Heros_Heroines.pdf\">compte rendu colloque\u00a0<\/a><a href=\"https:\/\/conteurspro.fr\/site\/pdf\/10_etudes-colloques\/Heros_Heroines.pdf\">\u00ab\u00a0h\u00e9ros h\u00e9ro\u00efnes distribution des r\u00f4les\u00a0\u00bb<\/a><\/li>\n<li><a href=\"https:\/\/conteurspro.fr\/site\/pdf\/10_etudes-colloques\/femmes_dans_le_conte_les_femmes_conteuse_colloque_fev_2013.pdf\">compte rendu colloque\u00a0<\/a><a href=\"https:\/\/conteurspro.fr\/site\/pdf\/10_etudes-colloques\/femmes_dans_le_conte_les_femmes_conteuse_colloque_fev_2013.pdf\">\u00ab\u00a0la femme conteuse et la femme dans le conte 2013\u00a0\u00bb<\/a><\/li>\n<\/ul>\n<p style=\"margin: 0cm; margin-bottom: .0001pt;\"><em>Ce test a \u00e9t\u00e9 concoct\u00e9 par Fran\u00e7oise Barret, Elisabeth Calandry, Sonia Koskas, Anastasia Ortenzio et Claire P\u00e9ricard,\u00a0 membres de <a href=\"https:\/\/conteurspro.fr\/site\/commission-egalite\/\">la Commission Egalit\u00e9 de l&rsquo;APAC<\/a> .<\/em><\/p>\n","protected":false},"excerpt":{"rendered":"<p>\u00ab\u00a0Il \u00e9tait une fois un roi qui avait douze fils\u2026\u00a0\u00bb. \u00c7a commence bien, mais\u2026 o\u00f9 est la reine ? O\u00f9 sont les s\u0153urs ? Qu\u2019en est-il des filles, des gar\u00e7ons, des fils, des filles, des h\u00e9ros et h\u00e9ro\u00efnes dans nos histoires ? Et si je testais mon propre r\u00e9pertoire ? Aurai-je des surprises ? Chiche ! Premi\u00e8re question : je pr\u00e9pare une racont\u00e9e d&rsquo;une heure. OK. Au bout de combien de temps appara\u00eet une premi\u00e8re femme et dans quel r\u00f4le ? Pour aller plus loin : Et si je faisais le test de Mako Mori ? Il s\u2019inspire du test de Bechdel qui permet de mettre en \u00e9vidence l&rsquo;\u00e9ventuelle sur-repr\u00e9sentation des protagonistes masculins ou la sous-repr\u00e9sentation de personnages f\u00e9minins dans une \u0153uvre de fiction. On y va, c\u2019est tr\u00e8s simple : 1. Le conte doit avoir au moins un personnage f\u00e9minin ; 2. Ce personnage a son propre arc narratif ; 3. Cet arc ne consiste pas \u00e0 \u00eatre le faire-valoir d&rsquo;un personnage masculin. Si l\u2019\u0153uvre cont\u00e9e v\u00e9rifie ces trois crit\u00e8res, le test est dit r\u00e9ussi. Si ce n&rsquo;est pas le cas, cela peut indiquer que l\u2019\u0153uvre est centr\u00e9e sur des figures masculines, voire correspond au \u201csyndrome de la Schtroumpfette\u201d. Pour en savoir plus sur le test de Bechdel : voir Wikip\u00e9dia. Allons, on le fait ? Pr\u00e9cision : cette proposition reste celle d&rsquo;un aut-questionnement, il n&rsquo;y a pas d&rsquo;attente de r\u00e9ponse. Peut-\u00eatre un \u00e9change l\u00e0-dessus \u00e0 la prochaine AG de l\u2019APAC sera-t-il le bienvenu ? Pour aller plus loin, voici quelques comptes rendus de colloques organis\u00e9s par l&rsquo;APACC : \u00a0Le conte reflet des in\u00e9galit\u00e9s ou outils d&rsquo;\u00e9mancipation-Rencontre organis\u00e9e par l&rsquo;APAC le 14 juillet 2017 au village du off en Avignon sur le th\u00e8me : &#8211;\u00a0Lire la contribution d&rsquo;El\u00e8na Suzat Etude\u00a0\u00ab\u00a0Parit\u00e9 hommes femmes dans le conte\u00a0\u00bb 2013 compte rendu colloque \u00ab\u00a0la femme conteuse et la femme dans le conte\u00a0\u00bb 2011 compte rendu colloque\u00a0\u00ab\u00a0h\u00e9ros h\u00e9ro\u00efnes distribution des r\u00f4les\u00a0\u00bb compte rendu colloque\u00a0\u00ab\u00a0la femme conteuse et la femme dans le conte 2013\u00a0\u00bb Ce test a \u00e9t\u00e9 concoct\u00e9 par Fran\u00e7oise Barret, Elisabeth Calandry, Sonia Koskas, Anastasia Ortenzio et Claire P\u00e9ricard,\u00a0 membres de la Commission Egalit\u00e9 de l&rsquo;APAC .<\/p>\n","protected":false},"author":6,"featured_media":1081,"comment_status":"closed","ping_status":"open","sticky":false,"template":"","format":"standard","meta":{"footnotes":""},"categories":[5],"tags":[],"class_list":["post-1080","post","type-post","status-publish","format-standard","has-post-thumbnail","hentry","category-actualites"],"_links":{"self":[{"href":"https:\/\/conteurspro.fr\/site\/wp-json\/wp\/v2\/posts\/1080","targetHints":{"allow":["GET"]}}],"collection":[{"href":"https:\/\/conteurspro.fr\/site\/wp-json\/wp\/v2\/posts"}],"about":[{"href":"https:\/\/conteurspro.fr\/site\/wp-json\/wp\/v2\/types\/post"}],"author":[{"embeddable":true,"href":"https:\/\/conteurspro.fr\/site\/wp-json\/wp\/v2\/users\/6"}],"replies":[{"embeddable":true,"href":"https:\/\/conteurspro.fr\/site\/wp-json\/wp\/v2\/comments?post=1080"}],"version-history":[{"count":6,"href":"https:\/\/conteurspro.fr\/site\/wp-json\/wp\/v2\/posts\/1080\/revisions"}],"predecessor-version":[{"id":4093,"href":"https:\/\/conteurspro.fr\/site\/wp-json\/wp\/v2\/posts\/1080\/revisions\/4093"}],"wp:featuredmedia":[{"embeddable":true,"href":"https:\/\/conteurspro.fr\/site\/wp-json\/wp\/v2\/media\/1081"}],"wp:attachment":[{"href":"https:\/\/conteurspro.fr\/site\/wp-json\/wp\/v2\/media?parent=1080"}],"wp:term":[{"taxonomy":"category","embeddable":true,"href":"https:\/\/conteurspro.fr\/site\/wp-json\/wp\/v2\/categories?post=1080"},{"taxonomy":"post_tag","embeddable":true,"href":"https:\/\/conteurspro.fr\/site\/wp-json\/wp\/v2\/tags?post=1080"}],"curies":[{"name":"wp","href":"https:\/\/api.w.org\/{rel}","templated":true}]}}