{"id":1084,"date":"2020-05-28T11:18:23","date_gmt":"2020-05-28T09:18:23","guid":{"rendered":"https:\/\/conteurspro.fr\/site\/?p=1084"},"modified":"2024-02-05T11:17:37","modified_gmt":"2024-02-05T10:17:37","slug":"lapac-et-le-coronavirus","status":"publish","type":"post","link":"https:\/\/conteurspro.fr\/site\/2020\/05\/28\/lapac-et-le-coronavirus\/","title":{"rendered":"L&rsquo;APAC et le coronavirus"},"content":{"rendered":"<p>Sur le chemin tordu qui se pr\u00e9sente \u00e0 nous en ces jours difficiles, l\u2019APAC vous propose quelques \u00e9l\u00e9ments qui pourront peut-\u00eatre vous aider face aux structures qui vous emploient.<\/p>\n<p>Si vous-m\u00eames avez des informations au fil du temps, n\u2019h\u00e9sitez pas \u00e0 nous les transmettre.<\/p>\n<p>Nous vous souhaitons courage et t\u00e9nacit\u00e9.<\/p>\n<p>Le coll\u00e8ge de l\u2019APAC<\/p>\n<p><a href=\"https:\/\/framaforms.org\/covid-19-evaluation-des-conditions-de-reprise-pour-les-artistes-interpretes-1589816551\">L&rsquo;\u00e9valuation des conditions de reprise pour les artistes interpr\u00e8tes : l&rsquo;enqu\u00eate \u00e0 remplir du Syndicat des Artistes Interpr\u00e8tes<\/a><\/p>\n<p><b><\/b><a href=\"https:\/\/conteurspro.fr\/site\/wp-content\/uploads\/2020\/05\/Petitguideetabliparunecompagniequiemploiedesartistespourvenirenaideadautrescompagniesdanslememecaslesaidesmisesenplaceparlegouvernement.pdf\">Petit guide \u00e9tabli par une compagnie qui emploie des artistes pour venir en aide \u00e0 d&rsquo;autres compagnies dans le m\u00eame cas : les aides mises en place par le gouvernement<\/a><\/p>\n<p><a href=\"https:\/\/www.culture.gouv.fr\/Actualites\/Employeurs-culturels-face-aux-impacts-de-la-crise-de-coronavirus\">Les employeurs culturels et le Coronavirus : le FAQ du Minist\u00e8re de la Culture<\/a><\/p>\n<p><a href=\"https:\/\/docs.google.com\/forms\/d\/e\/1FAIpQLSf2ce0eaYWvSeY9Stzzu72AI2_ki2ALGhBCXt8jEVbIf0svZA\/viewform\">Quel impact pour votre structure ? L&rsquo;enqu\u00eate du RNCAP (r\u00e9seau national du conte et des arts de la parole)\u00a0<\/a><\/p>\n<p><a href=\"https:\/\/www.audiens.org\/actu\/crise-du-coronavirus-audiens-se-mobilise.html\">Les aides exceptionnelles d\u2019Audiens<\/a><\/p>\n<p><a href=\"https:\/\/conteurspro.fr\/site\/wp-content\/uploads\/2020\/03\/lettreAPACauxministresdutravailetdelacutlure-1.pdf\">La lettre l&rsquo;APAC aux ministres du travail et de la cutlure<\/a><\/p>\n<p><a href=\"https:\/\/conteurspro.fr\/site\/wp-content\/uploads\/2020\/03\/APPEL-DE-LAPAC-\u00e0-la-Solidarit\u00e9-des-structures.pdf\">L&rsquo;appel de l&rsquo;APAC \u00e0 la Solidarit\u00e9 des structures<\/a><\/p>\n<p><a href=\"https:\/\/conteurspro.fr\/site\/wp-content\/uploads\/2020\/03\/Lappel-de-Samuel-Churin.pdf\">L\u2019appel de Samuel Churin<\/a><\/p>\n<p>&nbsp;<\/p>\n","protected":false},"excerpt":{"rendered":"<p>Sur le chemin tordu qui se pr\u00e9sente \u00e0 nous en ces jours difficiles, l\u2019APAC vous propose quelques \u00e9l\u00e9ments qui pourront peut-\u00eatre vous aider face aux structures qui vous emploient. Si vous-m\u00eames avez des informations au fil du temps, n\u2019h\u00e9sitez pas \u00e0 nous les transmettre. Nous vous souhaitons courage et t\u00e9nacit\u00e9. Le coll\u00e8ge de l\u2019APAC L&rsquo;\u00e9valuation des conditions de reprise pour les artistes interpr\u00e8tes : l&rsquo;enqu\u00eate \u00e0 remplir du Syndicat des Artistes Interpr\u00e8tes Petit guide \u00e9tabli par une compagnie qui emploie des artistes pour venir en aide \u00e0 d&rsquo;autres compagnies dans le m\u00eame cas : les aides mises en place par le gouvernement Les employeurs culturels et le Coronavirus : le FAQ du Minist\u00e8re de la Culture Quel impact pour votre structure ? L&rsquo;enqu\u00eate du RNCAP (r\u00e9seau national du conte et des arts de la parole)\u00a0 Les aides exceptionnelles d\u2019Audiens La lettre l&rsquo;APAC aux ministres du travail et de la cutlure L&rsquo;appel de l&rsquo;APAC \u00e0 la Solidarit\u00e9 des structures L\u2019appel de Samuel Churin &nbsp;<\/p>\n","protected":false},"author":6,"featured_media":0,"comment_status":"closed","ping_status":"closed","sticky":false,"template":"","format":"standard","meta":{"footnotes":""},"categories":[1],"tags":[],"class_list":["post-1084","post","type-post","status-publish","format-standard","hentry","category-non-classe"],"_links":{"self":[{"href":"https:\/\/conteurspro.fr\/site\/wp-json\/wp\/v2\/posts\/1084","targetHints":{"allow":["GET"]}}],"collection":[{"href":"https:\/\/conteurspro.fr\/site\/wp-json\/wp\/v2\/posts"}],"about":[{"href":"https:\/\/conteurspro.fr\/site\/wp-json\/wp\/v2\/types\/post"}],"author":[{"embeddable":true,"href":"https:\/\/conteurspro.fr\/site\/wp-json\/wp\/v2\/users\/6"}],"replies":[{"embeddable":true,"href":"https:\/\/conteurspro.fr\/site\/wp-json\/wp\/v2\/comments?post=1084"}],"version-history":[{"count":2,"href":"https:\/\/conteurspro.fr\/site\/wp-json\/wp\/v2\/posts\/1084\/revisions"}],"predecessor-version":[{"id":1086,"href":"https:\/\/conteurspro.fr\/site\/wp-json\/wp\/v2\/posts\/1084\/revisions\/1086"}],"wp:attachment":[{"href":"https:\/\/conteurspro.fr\/site\/wp-json\/wp\/v2\/media?parent=1084"}],"wp:term":[{"taxonomy":"category","embeddable":true,"href":"https:\/\/conteurspro.fr\/site\/wp-json\/wp\/v2\/categories?post=1084"},{"taxonomy":"post_tag","embeddable":true,"href":"https:\/\/conteurspro.fr\/site\/wp-json\/wp\/v2\/tags?post=1084"}],"curies":[{"name":"wp","href":"https:\/\/api.w.org\/{rel}","templated":true}]}}