{"id":1288,"date":"2020-10-01T20:08:24","date_gmt":"2020-10-01T18:08:24","guid":{"rendered":"https:\/\/conteurspro.fr\/site\/?p=1288"},"modified":"2024-02-05T11:18:00","modified_gmt":"2024-02-05T10:18:00","slug":"deux-actions-de-la-commission-egalite-en-2020-2021","status":"publish","type":"post","link":"https:\/\/conteurspro.fr\/site\/2020\/10\/01\/deux-actions-de-la-commission-egalite-en-2020-2021\/","title":{"rendered":"Deux actions de la commission \u00e9galit\u00e9 en 2020-2021"},"content":{"rendered":"\n<p>&#8211; <strong>Un nouvel atelier de deux jours \u00e0 Paris,  avec Anne Morel Van Hyfte <\/strong>courant janvier 2021 (<a href=\"https:\/\/framadate.org\/OfGehZrQllQJINvv\" data-type=\"URL\" data-id=\"https:\/\/framadate.org\/OfGehZrQllQJINvv\">framadate<\/a> \u00e0 compl\u00e9ter si cela vous int\u00e9resse). Un pot commun d&rsquo;\u00e9nergie et d&rsquo;outils pour booster nos projets artistiques. Tous les d\u00e9tails\u00a0en cliquant <a href=\"https:\/\/conteurspro.fr\/site\/commission-egalite\/\" data-type=\"URL\" data-id=\"https:\/\/conteurspro.fr\/site\/commission-egalite\/\">sur la page de la commission \u00e9galit\u00e9.<\/a><br>&#8211; <strong>La poursuite du travail sur la visibilit\u00e9 des femmes anthropologues, folkloristes, collecteuses, conteuses<\/strong> (r\u00e9union de travail \u00e0 Lyon le 3 novembre, possible par zoom). Tous les d\u00e9tails\u00a0en cliquant  <a href=\"https:\/\/conteurspro.fr\/site\/commission-egalite\/\" data-type=\"URL\" data-id=\"https:\/\/conteurspro.fr\/site\/commission-egalite\/\">sur la page de la commission \u00e9galit\u00e9. <\/a><strong><br><\/strong><\/p>\n","protected":false},"excerpt":{"rendered":"<p>&#8211; Un nouvel atelier de deux jours \u00e0 Paris, avec Anne Morel Van Hyfte courant janvier 2021 (framadate \u00e0 compl\u00e9ter si cela vous int\u00e9resse). Un pot commun d&rsquo;\u00e9nergie et d&rsquo;outils pour booster nos projets artistiques. Tous les d\u00e9tails\u00a0en cliquant sur la page de la commission \u00e9galit\u00e9.&#8211; La poursuite du travail sur la visibilit\u00e9 des femmes anthropologues, folkloristes, collecteuses, conteuses (r\u00e9union de travail \u00e0 Lyon le 3 novembre, possible par zoom). Tous les d\u00e9tails\u00a0en cliquant sur la page de la commission \u00e9galit\u00e9.<\/p>\n","protected":false},"author":6,"featured_media":0,"comment_status":"closed","ping_status":"closed","sticky":false,"template":"","format":"standard","meta":{"footnotes":""},"categories":[1],"tags":[],"class_list":["post-1288","post","type-post","status-publish","format-standard","hentry","category-non-classe"],"_links":{"self":[{"href":"https:\/\/conteurspro.fr\/site\/wp-json\/wp\/v2\/posts\/1288","targetHints":{"allow":["GET"]}}],"collection":[{"href":"https:\/\/conteurspro.fr\/site\/wp-json\/wp\/v2\/posts"}],"about":[{"href":"https:\/\/conteurspro.fr\/site\/wp-json\/wp\/v2\/types\/post"}],"author":[{"embeddable":true,"href":"https:\/\/conteurspro.fr\/site\/wp-json\/wp\/v2\/users\/6"}],"replies":[{"embeddable":true,"href":"https:\/\/conteurspro.fr\/site\/wp-json\/wp\/v2\/comments?post=1288"}],"version-history":[{"count":2,"href":"https:\/\/conteurspro.fr\/site\/wp-json\/wp\/v2\/posts\/1288\/revisions"}],"predecessor-version":[{"id":1290,"href":"https:\/\/conteurspro.fr\/site\/wp-json\/wp\/v2\/posts\/1288\/revisions\/1290"}],"wp:attachment":[{"href":"https:\/\/conteurspro.fr\/site\/wp-json\/wp\/v2\/media?parent=1288"}],"wp:term":[{"taxonomy":"category","embeddable":true,"href":"https:\/\/conteurspro.fr\/site\/wp-json\/wp\/v2\/categories?post=1288"},{"taxonomy":"post_tag","embeddable":true,"href":"https:\/\/conteurspro.fr\/site\/wp-json\/wp\/v2\/tags?post=1288"}],"curies":[{"name":"wp","href":"https:\/\/api.w.org\/{rel}","templated":true}]}}