{"id":1291,"date":"2020-10-01T20:25:54","date_gmt":"2020-10-01T18:25:54","guid":{"rendered":"https:\/\/conteurspro.fr\/site\/?p=1291"},"modified":"2024-02-05T11:15:31","modified_gmt":"2024-02-05T10:15:31","slug":"lapac-est-devenue-lapacc","status":"publish","type":"post","link":"https:\/\/conteurspro.fr\/site\/2020\/10\/01\/lapac-est-devenue-lapacc\/","title":{"rendered":"L&rsquo;APAC est devenue l&rsquo;APACC"},"content":{"rendered":"\n<p>Oui, vous n&rsquo;avez pas r\u00eav\u00e9&#8230; au cours de l&rsquo;Assembl\u00e9e G\u00e9n\u00e9rale des 8 et 9 septembre 2020, \u00e0 Criel, le changement de nom de l&rsquo;Association a \u00e9t\u00e9 vot\u00e9 \u00e0 la majorit\u00e9 pour devenir <strong>l&rsquo;Association Professionnelle des Artistes Conteurs et Conteuses.<\/strong> <br>Dans le m\u00eame \u00e9lan, l&rsquo;Assembl\u00e9e G\u00e9n\u00e9rale s&rsquo;est prononc\u00e9e pour l&rsquo;utilisation du langage inclusif dans toutes ses productions : le chantier ne fait que commencer. <br>Gens de paroles, nous vous en dirons des nouvelles, bient\u00f4t&#8230;<\/p>\n\n\n\n<p><\/p>\n","protected":false},"excerpt":{"rendered":"<p>Oui, vous n&rsquo;avez pas r\u00eav\u00e9&#8230; au cours de l&rsquo;Assembl\u00e9e G\u00e9n\u00e9rale des 8 et 9 septembre 2020, \u00e0 Criel, le changement de nom de l&rsquo;Association a \u00e9t\u00e9 vot\u00e9 \u00e0 la majorit\u00e9 pour devenir l&rsquo;Association Professionnelle des Artistes Conteurs et Conteuses. Dans le m\u00eame \u00e9lan, l&rsquo;Assembl\u00e9e G\u00e9n\u00e9rale s&rsquo;est prononc\u00e9e pour l&rsquo;utilisation du langage inclusif dans toutes ses productions : le chantier ne fait que commencer. Gens de paroles, nous vous en dirons des nouvelles, bient\u00f4t&#8230;<\/p>\n","protected":false},"author":6,"featured_media":0,"comment_status":"closed","ping_status":"closed","sticky":false,"template":"","format":"standard","meta":{"footnotes":""},"categories":[1],"tags":[],"class_list":["post-1291","post","type-post","status-publish","format-standard","hentry","category-non-classe"],"_links":{"self":[{"href":"https:\/\/conteurspro.fr\/site\/wp-json\/wp\/v2\/posts\/1291","targetHints":{"allow":["GET"]}}],"collection":[{"href":"https:\/\/conteurspro.fr\/site\/wp-json\/wp\/v2\/posts"}],"about":[{"href":"https:\/\/conteurspro.fr\/site\/wp-json\/wp\/v2\/types\/post"}],"author":[{"embeddable":true,"href":"https:\/\/conteurspro.fr\/site\/wp-json\/wp\/v2\/users\/6"}],"replies":[{"embeddable":true,"href":"https:\/\/conteurspro.fr\/site\/wp-json\/wp\/v2\/comments?post=1291"}],"version-history":[{"count":2,"href":"https:\/\/conteurspro.fr\/site\/wp-json\/wp\/v2\/posts\/1291\/revisions"}],"predecessor-version":[{"id":1293,"href":"https:\/\/conteurspro.fr\/site\/wp-json\/wp\/v2\/posts\/1291\/revisions\/1293"}],"wp:attachment":[{"href":"https:\/\/conteurspro.fr\/site\/wp-json\/wp\/v2\/media?parent=1291"}],"wp:term":[{"taxonomy":"category","embeddable":true,"href":"https:\/\/conteurspro.fr\/site\/wp-json\/wp\/v2\/categories?post=1291"},{"taxonomy":"post_tag","embeddable":true,"href":"https:\/\/conteurspro.fr\/site\/wp-json\/wp\/v2\/tags?post=1291"}],"curies":[{"name":"wp","href":"https:\/\/api.w.org\/{rel}","templated":true}]}}