{"id":3036,"date":"2023-12-03T12:29:26","date_gmt":"2023-12-03T11:29:26","guid":{"rendered":"https:\/\/conteurspro.fr\/site\/?p=3036"},"modified":"2024-04-02T13:28:49","modified_gmt":"2024-04-02T11:28:49","slug":"le-nouvel-elan-de-lassemblee-2023","status":"publish","type":"post","link":"https:\/\/conteurspro.fr\/site\/2023\/12\/03\/le-nouvel-elan-de-lassemblee-2023\/","title":{"rendered":"Le nouvel \u00e9lan de l&rsquo;assembl\u00e9e 2023"},"content":{"rendered":"\n<p>Depuis la derni\u00e8re assembl\u00e9e g\u00e9n\u00e9rale en septembre, l&rsquo;association exp\u00e9rimente un&nbsp;<strong>nouveau mod\u00e8le de gouvernance<\/strong>. Pour d\u00e9couvrir rapidement le nouveau fonctionnement,<a href=\"http:\/\/un-nouveau-systeme-de-gouvernance-depuis-septembre-2023\"> cliquez-ici<\/a> !<\/p>\n\n\n\n<p>Au cours des journ\u00e9es de r\u00e9flexions du printemps 2023 puis \u00e0 l&rsquo;assembl\u00e9e g\u00e9n\u00e9rale de septembre,<strong>&nbsp;<\/strong>s&rsquo;est exprim\u00e9 le d\u00e9sir de&nbsp;<strong>donner davantage de visibilit\u00e9 aux travaux passionants r\u00e9alis\u00e9es<\/strong>&nbsp;par les conteur.euses de l&rsquo;APACC depuis sa cr\u00e9ation. Ces projets constituent une v\u00e9ritable mine d&rsquo;or compos\u00e9e d&rsquo;outils et de pistes de r\u00e9flexions pour notre m\u00e9tier : vid\u00e9os-t\u00e9moignages de conteur.euses, colloques autour de l&rsquo;\u00e9galit\u00e9 et du genre, journ\u00e9es sur le conte et l&rsquo;\u00e9ducation, \u00e9tudes sur les lieux du contes&#8230;<\/p>\n\n\n\n<p>En 2024, les b\u00e9n\u00e9voles de l&rsquo;association consacreront donc une partie de leur \u00e9nergie \u00e0 valoriser les ressources des commissions \u00e0 travers diff\u00e9rents moyens (r\u00e9seaux sociaux, site Internet, archivage, organisation d&rsquo;\u00e9v\u00e8nement).<\/p>\n\n\n\n<p>De nouveaux projets voient aussi le jour :<\/p>\n\n\n\n<ul class=\"wp-block-list\">\n<li>Des&nbsp;<strong>journ\u00e9es de pratique et de r\u00e9flexion&nbsp;<\/strong>(\u00ab\u00a0Acte Collectif\u00a0\u00bb) entre professionnel.les seront propos\u00e9es en 2024 sur diff\u00e9rents th\u00e8mes : Conte et coprs \/ Conte et objet \/ Conte et oralit\u00e9 inclusive \/ Parole cont\u00e9e parole chant\u00e9e. Pour avoir les infos d\u00e9taill\u00e9es, <a href=\"https:\/\/conteurspro.fr\/site\/actes-collectifs-3\/\">cliquez-ici<\/a> !<\/li>\n\n\n\n<li>Des rencontres locales pour les&nbsp;<strong>jeunes conteur.euses<\/strong><\/li>\n\n\n\n<li>Des rencontres entre les collectifs r\u00e9gionaux<\/li>\n<\/ul>\n\n\n\n<p>Pour d\u00e9couvrir un peu plus en d\u00e9tail ce qu&rsquo;il s&rsquo;est pass\u00e9 pendant ces assembl\u00e9es g\u00e9n\u00e9rales extraordinaire et ordinaire, <a href=\"https:\/\/conteurspro.fr\/site\/wp-content\/uploads\/2023\/11\/cr-ag-apacc-synthetique2.pdf\">c&rsquo;est par ici<\/a> !&nbsp;<\/p>\n\n\n\n<p>Continuer de se rencontrer pour se soutenir, valoriser le conte et notre m\u00e9tier. Voil\u00e0 la ligne directrice que l&rsquo;association porte encore et plus que jamais. Vous pouvez rejoindre l&rsquo;aventure \u00e0 tout moment pour nous donner un coup de main en envoyant un mail \u00e0 :\u00a0<a rel=\"noreferrer noopener\" href=\"&#x6d;&#x61;&#x69;&#x6c;&#x74;&#x6f;&#x3a;&#x63;&#x6f;&#x6e;&#x74;&#x61;&#x63;&#x74;&#x40;&#x63;&#x6f;&#x6e;&#x74;&#x65;&#x75;&#x72;&#x73;&#x70;&#x72;&#x6f;&#x2e;&#x66;&#x72;\" target=\"_blank\">&#99;o&#110;t&#97;c&#x74;&#64;&#x63;o&#x6e;t&#x65;u&#x72;s&#x70;r&#x6f;&#46;&#x66;r<\/a><\/p>\n\n\n\n<ul class=\"wp-block-list\">\n<li><a href=\"https:\/\/conteurspro.fr\/site\/wp-content\/uploads\/2023\/11\/cr-ag-apacc-synthetique2.pdf\">Compte rendu synth\u00e9tique de l&rsquo;AG extraordinaire et ordinaire de 2023<\/a><\/li>\n<\/ul>\n\n\n\n<p><\/p>\n\n\n\n<p><\/p>\n","protected":false},"excerpt":{"rendered":"<p>Depuis la derni\u00e8re assembl\u00e9e g\u00e9n\u00e9rale en septembre, l&rsquo;association exp\u00e9rimente un&nbsp;nouveau mod\u00e8le de gouvernance. Pour d\u00e9couvrir rapidement le nouveau fonctionnement, cliquez-ici ! Au cours des journ\u00e9es de r\u00e9flexions du printemps 2023 puis \u00e0 l&rsquo;assembl\u00e9e g\u00e9n\u00e9rale de septembre,&nbsp;s&rsquo;est exprim\u00e9 le d\u00e9sir de&nbsp;donner davantage de visibilit\u00e9 aux travaux passionants r\u00e9alis\u00e9es&nbsp;par les conteur.euses de l&rsquo;APACC depuis sa cr\u00e9ation. Ces projets constituent une v\u00e9ritable mine d&rsquo;or compos\u00e9e d&rsquo;outils et de pistes de r\u00e9flexions pour notre m\u00e9tier : vid\u00e9os-t\u00e9moignages de conteur.euses, colloques autour de l&rsquo;\u00e9galit\u00e9 et du genre, journ\u00e9es sur le conte et l&rsquo;\u00e9ducation, \u00e9tudes sur les lieux du contes&#8230; En 2024, les b\u00e9n\u00e9voles de l&rsquo;association consacreront donc une partie de leur \u00e9nergie \u00e0 valoriser les ressources des commissions \u00e0 travers diff\u00e9rents moyens (r\u00e9seaux sociaux, site Internet, archivage, organisation d&rsquo;\u00e9v\u00e8nement). De nouveaux projets voient aussi le jour : Pour d\u00e9couvrir un peu plus en d\u00e9tail ce qu&rsquo;il s&rsquo;est pass\u00e9 pendant ces assembl\u00e9es g\u00e9n\u00e9rales extraordinaire et ordinaire, c&rsquo;est par ici !&nbsp; Continuer de se rencontrer pour se soutenir, valoriser le conte et notre m\u00e9tier. Voil\u00e0 la ligne directrice que l&rsquo;association porte encore et plus que jamais. Vous pouvez rejoindre l&rsquo;aventure \u00e0 tout moment pour nous donner un coup de main en envoyant un mail \u00e0 :\u00a0&#x63;&#x6f;&#x6e;&#x74;&#x61;&#x63;&#x74;&#64;&#99;&#111;&#110;&#116;eurs&#x70;&#x72;&#x6f;&#x2e;&#x66;&#x72;<\/p>\n","protected":false},"author":23,"featured_media":2822,"comment_status":"closed","ping_status":"open","sticky":false,"template":"","format":"standard","meta":{"footnotes":""},"categories":[1],"tags":[],"class_list":["post-3036","post","type-post","status-publish","format-standard","has-post-thumbnail","hentry","category-non-classe"],"_links":{"self":[{"href":"https:\/\/conteurspro.fr\/site\/wp-json\/wp\/v2\/posts\/3036","targetHints":{"allow":["GET"]}}],"collection":[{"href":"https:\/\/conteurspro.fr\/site\/wp-json\/wp\/v2\/posts"}],"about":[{"href":"https:\/\/conteurspro.fr\/site\/wp-json\/wp\/v2\/types\/post"}],"author":[{"embeddable":true,"href":"https:\/\/conteurspro.fr\/site\/wp-json\/wp\/v2\/users\/23"}],"replies":[{"embeddable":true,"href":"https:\/\/conteurspro.fr\/site\/wp-json\/wp\/v2\/comments?post=3036"}],"version-history":[{"count":2,"href":"https:\/\/conteurspro.fr\/site\/wp-json\/wp\/v2\/posts\/3036\/revisions"}],"predecessor-version":[{"id":3038,"href":"https:\/\/conteurspro.fr\/site\/wp-json\/wp\/v2\/posts\/3036\/revisions\/3038"}],"wp:featuredmedia":[{"embeddable":true,"href":"https:\/\/conteurspro.fr\/site\/wp-json\/wp\/v2\/media\/2822"}],"wp:attachment":[{"href":"https:\/\/conteurspro.fr\/site\/wp-json\/wp\/v2\/media?parent=3036"}],"wp:term":[{"taxonomy":"category","embeddable":true,"href":"https:\/\/conteurspro.fr\/site\/wp-json\/wp\/v2\/categories?post=3036"},{"taxonomy":"post_tag","embeddable":true,"href":"https:\/\/conteurspro.fr\/site\/wp-json\/wp\/v2\/tags?post=3036"}],"curies":[{"name":"wp","href":"https:\/\/api.w.org\/{rel}","templated":true}]}}