{"id":3303,"date":"2024-02-05T22:40:35","date_gmt":"2024-02-05T21:40:35","guid":{"rendered":"https:\/\/conteurspro.fr\/site\/?p=3303"},"modified":"2024-02-06T18:20:55","modified_gmt":"2024-02-06T17:20:55","slug":"les-aventures-du-conte","status":"publish","type":"post","link":"https:\/\/conteurspro.fr\/site\/2024\/02\/05\/les-aventures-du-conte\/","title":{"rendered":"Les aventures du conte !"},"content":{"rendered":"\n<p><\/p>\n\n\n\n<p>Depuis 2014, la Commission M\u00e9moire de l\u2019APACC documente l\u2019historique du \u00ab\u00a0Renouveau du conte en France\u00a0\u00bb (1970\/1987)\u00a0par une s\u00e9rie d\u2019entretiens film\u00e9s des conteurs et conteuses professionnel.les de cette \u00e9poque. Cette \u00e9norme et passionnant travail r\u00e9alis\u00e9 aux quatre coins de la France est enfin accessible. Il devrait inspir\u00e9 les conteurs et les conteuses d&rsquo;aujourd&rsquo;hui et fournir mati\u00e8re \u00e0 r\u00e9fl\u00e9chir aux chercheurs et aux chercheuses, par la diversit\u00e9 des exp\u00e9riences et des chemins que l&rsquo;on d\u00e9couvre \u00e0 travers les nombreux interviews r\u00e9alis\u00e9s.<\/p>\n\n\n\n<p>Un teaser ludique et po\u00e9tique introduit le sujet et invite \u00e0 \u00e9couter la cinquantaine de vid\u00e9os r\u00e9alis\u00e9es&nbsp;:<a> <\/a>\u00ab&nbsp;Le Conte nous parle de sa vie depuis le d\u00e9but des temps jusqu\u2019\u00e0 son \u00ab&nbsp;Renouveau ! \u00bb<\/p>\n\n\n\n<p>&#8230;&#8230;&#8230;&#8230;&#8230;&#8230;&#8230;&#8230;&#8230;&#8230;&#8230;&#8230;&#8230;&#8230;&#8230;&#8230;&#8230;&#8230;&#8230;&#8230;&#8230;&#8230;&#8230;&#8230;&#8230;&#8230;&#8230;&#8230;&#8230;&#8230;&#8230;&#8230;&#8230;&#8230;&#8230;&#8230;&#8230;&#8230;&#8230;&#8230;&#8230;&#8230;&#8230;&#8230;&#8230;&#8230;&#8230;&#8230;&#8230;&#8230;&#8230;&#8230;&#8230;&#8230;&#8230;&#8230;&#8230;&#8230;&#8230;&#8230;&#8230;&#8230;&#8230;&#8230;&#8230;&#8230;&#8230;&#8230;&#8230;..<\/p>\n\n\n\n<p><\/p>\n\n\n\n<p class=\"has-text-align-left\"><a href=\"https:\/\/conteurspro.fr\/site\/commission-memoire-les-videos\/\">Pour voir le <strong>teaser de la commission M\u00e9moire, <\/strong>cliquez ici<\/a><\/p>\n\n\n\n<p>&#8230;&#8230;&#8230;&#8230;&#8230;&#8230;&#8230;&#8230;&#8230;&#8230;&#8230;&#8230;&#8230;&#8230;&#8230;&#8230;&#8230;&#8230;&#8230;&#8230;&#8230;&#8230;&#8230;&#8230;&#8230;&#8230;&#8230;&#8230;&#8230;&#8230;&#8230;&#8230;&#8230;&#8230;&#8230;&#8230;&#8230;&#8230;&#8230;&#8230;&#8230;&#8230;&#8230;&#8230;&#8230;&#8230;&#8230;&#8230;&#8230;&#8230;&#8230;&#8230;&#8230;&#8230;&#8230;&#8230;&#8230;&#8230;&#8230;&#8230;&#8230;&#8230;&#8230;&#8230;&#8230;&#8230;&#8230;&#8230;&#8230;&#8230;.<\/p>\n\n\n\n<p>Dur\u00e9e: 2,51 mn.<\/p>\n\n\n\n<p>Production Apacc 2024. R\u00e9alisation : H\u00e9l\u00e8ne Butaeye et Samuel Lebrun, en collaboration avec les membres de la Commission M\u00e9moire Apacc. Voix off : Samuel Lebrun.<\/p>\n\n\n\n<p><\/p>\n\n\n\n<p><\/p>\n\n\n\n<p><\/p>\n","protected":false},"excerpt":{"rendered":"<p>Depuis 2014, la Commission M\u00e9moire de l\u2019APACC documente l\u2019historique du \u00ab\u00a0Renouveau du conte en France\u00a0\u00bb (1970\/1987)\u00a0par une s\u00e9rie d\u2019entretiens film\u00e9s des conteurs et conteuses professionnel.les de cette \u00e9poque. Cette \u00e9norme et passionnant travail r\u00e9alis\u00e9 aux quatre coins de la France est enfin accessible. Il devrait inspir\u00e9 les conteurs et les conteuses d&rsquo;aujourd&rsquo;hui et fournir mati\u00e8re \u00e0 r\u00e9fl\u00e9chir aux chercheurs et aux chercheuses, par la diversit\u00e9 des exp\u00e9riences et des chemins que l&rsquo;on d\u00e9couvre \u00e0 travers les nombreux interviews r\u00e9alis\u00e9s. Un teaser ludique et po\u00e9tique introduit le sujet et invite \u00e0 \u00e9couter la cinquantaine de vid\u00e9os r\u00e9alis\u00e9es&nbsp;: \u00ab&nbsp;Le Conte nous parle de sa vie depuis le d\u00e9but des temps jusqu\u2019\u00e0 son \u00ab&nbsp;Renouveau ! \u00bb &#8230;&#8230;&#8230;&#8230;&#8230;&#8230;&#8230;&#8230;&#8230;&#8230;&#8230;&#8230;&#8230;&#8230;&#8230;&#8230;&#8230;&#8230;&#8230;&#8230;&#8230;&#8230;&#8230;&#8230;&#8230;&#8230;&#8230;&#8230;&#8230;&#8230;&#8230;&#8230;&#8230;&#8230;&#8230;&#8230;&#8230;&#8230;&#8230;&#8230;&#8230;&#8230;&#8230;&#8230;&#8230;&#8230;&#8230;&#8230;&#8230;&#8230;&#8230;&#8230;&#8230;&#8230;&#8230;&#8230;&#8230;&#8230;&#8230;&#8230;&#8230;&#8230;&#8230;&#8230;&#8230;&#8230;&#8230;&#8230;&#8230;.. Pour voir le teaser de la commission M\u00e9moire, cliquez ici &#8230;&#8230;&#8230;&#8230;&#8230;&#8230;&#8230;&#8230;&#8230;&#8230;&#8230;&#8230;&#8230;&#8230;&#8230;&#8230;&#8230;&#8230;&#8230;&#8230;&#8230;&#8230;&#8230;&#8230;&#8230;&#8230;&#8230;&#8230;&#8230;&#8230;&#8230;&#8230;&#8230;&#8230;&#8230;&#8230;&#8230;&#8230;&#8230;&#8230;&#8230;&#8230;&#8230;&#8230;&#8230;&#8230;&#8230;&#8230;&#8230;&#8230;&#8230;&#8230;&#8230;&#8230;&#8230;&#8230;&#8230;&#8230;&#8230;&#8230;&#8230;&#8230;&#8230;&#8230;&#8230;&#8230;&#8230;&#8230;&#8230;&#8230;. Dur\u00e9e: 2,51 mn. Production Apacc 2024. R\u00e9alisation : H\u00e9l\u00e8ne Butaeye et Samuel Lebrun, en collaboration avec les membres de la Commission M\u00e9moire Apacc. Voix off : Samuel Lebrun.<\/p>\n","protected":false},"author":4,"featured_media":3305,"comment_status":"closed","ping_status":"open","sticky":false,"template":"","format":"standard","meta":{"footnotes":""},"categories":[5],"tags":[],"class_list":["post-3303","post","type-post","status-publish","format-standard","has-post-thumbnail","hentry","category-actualites"],"_links":{"self":[{"href":"https:\/\/conteurspro.fr\/site\/wp-json\/wp\/v2\/posts\/3303","targetHints":{"allow":["GET"]}}],"collection":[{"href":"https:\/\/conteurspro.fr\/site\/wp-json\/wp\/v2\/posts"}],"about":[{"href":"https:\/\/conteurspro.fr\/site\/wp-json\/wp\/v2\/types\/post"}],"author":[{"embeddable":true,"href":"https:\/\/conteurspro.fr\/site\/wp-json\/wp\/v2\/users\/4"}],"replies":[{"embeddable":true,"href":"https:\/\/conteurspro.fr\/site\/wp-json\/wp\/v2\/comments?post=3303"}],"version-history":[{"count":18,"href":"https:\/\/conteurspro.fr\/site\/wp-json\/wp\/v2\/posts\/3303\/revisions"}],"predecessor-version":[{"id":3335,"href":"https:\/\/conteurspro.fr\/site\/wp-json\/wp\/v2\/posts\/3303\/revisions\/3335"}],"wp:featuredmedia":[{"embeddable":true,"href":"https:\/\/conteurspro.fr\/site\/wp-json\/wp\/v2\/media\/3305"}],"wp:attachment":[{"href":"https:\/\/conteurspro.fr\/site\/wp-json\/wp\/v2\/media?parent=3303"}],"wp:term":[{"taxonomy":"category","embeddable":true,"href":"https:\/\/conteurspro.fr\/site\/wp-json\/wp\/v2\/categories?post=3303"},{"taxonomy":"post_tag","embeddable":true,"href":"https:\/\/conteurspro.fr\/site\/wp-json\/wp\/v2\/tags?post=3303"}],"curies":[{"name":"wp","href":"https:\/\/api.w.org\/{rel}","templated":true}]}}