{"id":3498,"date":"2024-04-02T12:45:01","date_gmt":"2024-04-02T10:45:01","guid":{"rendered":"https:\/\/conteurspro.fr\/site\/?p=3498"},"modified":"2024-10-01T13:38:08","modified_gmt":"2024-10-01T11:38:08","slug":"3498","status":"publish","type":"post","link":"https:\/\/conteurspro.fr\/site\/2024\/04\/02\/3498\/","title":{"rendered":"Soutenons le CMLO"},"content":{"rendered":"\n<p>Le Centre M\u00e9diterrann\u00e9en de Litt\u00e9rature Orale a besoin de notre aide suite \u00e0 la<br>perte de ses subventions.<\/p>\n\n\n\n<p>Plusieurs mani\u00e8res de contribuer :<br>&#8211; Organisez et\/ou participez aux soir\u00e9es de soutien. Vous trouverez les infos<br>concernant les \u00e9v\u00e8nements organis\u00e9s partout en France sur la page<br><a href=\"https:\/\/www.facebook.com\/equipeducmlo\">Facebook du CMLO<\/a>. Ou envoyez un mail : &#99;&#x61;i&#108;&#x6c;a&#x75;&#x64;&#46;&#x63;o&#110;&#x74;e&#64;&#x67;&#109;&#x61;i&#108;&#x2e;c&#111;&#x6d;<br>&#8211; <a href=\"https:\/\/www.helloasso.com\/associations\/centre-mediterraneen-de-litterature-orale-cmlo\/formulaires\/1?fbclid=IwAR0H-S8AFvo6NMv_FaaSLryKvgowKWbGC_fdac2X2GSZsu3J2VJqNHL4aY0\">Faites un don<\/a><br>&#8211; <a href=\"https:\/\/www.euroconte.fr\/adhesion\/\">Adh\u00e9rez<\/a><\/p>\n\n\n\n<p>Le Centre M\u00e9diterran\u00e9en de Litt\u00e9rature Orale est un lieu unique en France qui propose depuis bient\u00f4t 30 ans, une recherche approfondie dans le domaine de la litt\u00e9rature orale. Centre de recherches, centre de documentation, centre de formation, centre d&rsquo;animations culturelles et de programmation artistique, le<br>CMLO a toujours eu pour vocation d&rsquo;\u00e9tudier la mati\u00e8re qu&rsquo;est la litt\u00e9rature orale (les contes, l\u00e9gendes, \u00e9pop\u00e9es, mythes, chansons\u2026etc) en croisant les disciplines et les regards. Ainsi lors des Rencontres de septembre se retrouvent ethnologues, anthropologues, psychologues, linguistes, artistes, animateur-ices<br>sociaux \u00e9ducatifs, amateurs de litt\u00e9rature orale\u2026etc.<br>Vous pouvez suivre par Zoom les s\u00e9minaires de janvier \u00e0 juin. Le th\u00e8me de cette ann\u00e9e \u00ab\u00a0Les genres masculin, f\u00e9minin dans la mythologie.\u00a0\u00bb Vous pouvez adh\u00e9rer ou simplement consulter le site euroconte.org<\/p>\n","protected":false},"excerpt":{"rendered":"<p>Le Centre M\u00e9diterrann\u00e9en de Litt\u00e9rature Orale a besoin de notre aide suite \u00e0 laperte de ses subventions. Plusieurs mani\u00e8res de contribuer :&#8211; Organisez et\/ou participez aux soir\u00e9es de soutien. Vous trouverez les infosconcernant les \u00e9v\u00e8nements organis\u00e9s partout en France sur la pageFacebook du CMLO. Ou envoyez un mail : caillaud&#46;&#99;&#111;&#110;&#116;&#101;&#64;&#103;&#109;&#97;&#x69;&#x6c;&#x2e;&#x63;&#x6f;&#x6d;&#8211; Faites un don&#8211; Adh\u00e9rez Le Centre M\u00e9diterran\u00e9en de Litt\u00e9rature Orale est un lieu unique en France qui propose depuis bient\u00f4t 30 ans, une recherche approfondie dans le domaine de la litt\u00e9rature orale. Centre de recherches, centre de documentation, centre de formation, centre d&rsquo;animations culturelles et de programmation artistique, leCMLO a toujours eu pour vocation d&rsquo;\u00e9tudier la mati\u00e8re qu&rsquo;est la litt\u00e9rature orale (les contes, l\u00e9gendes, \u00e9pop\u00e9es, mythes, chansons\u2026etc) en croisant les disciplines et les regards. Ainsi lors des Rencontres de septembre se retrouvent ethnologues, anthropologues, psychologues, linguistes, artistes, animateur-icessociaux \u00e9ducatifs, amateurs de litt\u00e9rature orale\u2026etc.Vous pouvez suivre par Zoom les s\u00e9minaires de janvier \u00e0 juin. Le th\u00e8me de cette ann\u00e9e \u00ab\u00a0Les genres masculin, f\u00e9minin dans la mythologie.\u00a0\u00bb Vous pouvez adh\u00e9rer ou simplement consulter le site euroconte.org<\/p>\n","protected":false},"author":23,"featured_media":3499,"comment_status":"closed","ping_status":"closed","sticky":false,"template":"","format":"standard","meta":{"footnotes":""},"categories":[1],"tags":[],"class_list":["post-3498","post","type-post","status-publish","format-standard","has-post-thumbnail","hentry","category-non-classe"],"_links":{"self":[{"href":"https:\/\/conteurspro.fr\/site\/wp-json\/wp\/v2\/posts\/3498","targetHints":{"allow":["GET"]}}],"collection":[{"href":"https:\/\/conteurspro.fr\/site\/wp-json\/wp\/v2\/posts"}],"about":[{"href":"https:\/\/conteurspro.fr\/site\/wp-json\/wp\/v2\/types\/post"}],"author":[{"embeddable":true,"href":"https:\/\/conteurspro.fr\/site\/wp-json\/wp\/v2\/users\/23"}],"replies":[{"embeddable":true,"href":"https:\/\/conteurspro.fr\/site\/wp-json\/wp\/v2\/comments?post=3498"}],"version-history":[{"count":2,"href":"https:\/\/conteurspro.fr\/site\/wp-json\/wp\/v2\/posts\/3498\/revisions"}],"predecessor-version":[{"id":3510,"href":"https:\/\/conteurspro.fr\/site\/wp-json\/wp\/v2\/posts\/3498\/revisions\/3510"}],"wp:featuredmedia":[{"embeddable":true,"href":"https:\/\/conteurspro.fr\/site\/wp-json\/wp\/v2\/media\/3499"}],"wp:attachment":[{"href":"https:\/\/conteurspro.fr\/site\/wp-json\/wp\/v2\/media?parent=3498"}],"wp:term":[{"taxonomy":"category","embeddable":true,"href":"https:\/\/conteurspro.fr\/site\/wp-json\/wp\/v2\/categories?post=3498"},{"taxonomy":"post_tag","embeddable":true,"href":"https:\/\/conteurspro.fr\/site\/wp-json\/wp\/v2\/tags?post=3498"}],"curies":[{"name":"wp","href":"https:\/\/api.w.org\/{rel}","templated":true}]}}