{"id":3504,"date":"2024-04-02T13:08:37","date_gmt":"2024-04-02T11:08:37","guid":{"rendered":"https:\/\/conteurspro.fr\/site\/?p=3504"},"modified":"2024-07-26T13:52:29","modified_gmt":"2024-07-26T11:52:29","slug":"des-portraits-du-conte-a-linternational","status":"publish","type":"post","link":"https:\/\/conteurspro.fr\/site\/2024\/04\/02\/des-portraits-du-conte-a-linternational\/","title":{"rendered":"Des portraits du conte \u00e0 l&rsquo;international !"},"content":{"rendered":"\n<p>La commission \u00ab international \u00bb s\u2019est r\u00e9unie \u00e0 Lyon le 31 janvier. Elle continue de \u00ab\u00a0favoriser la rencontre entre conteuses et conteurs de pays diff\u00e9rents afin de mieux conna\u00eetre nos cultures respectives, de s&rsquo;enrichir de nos ressemblances et de nos diff\u00e9rences, et enfin de cr\u00e9er des solidarit\u00e9s internationales.\u00a0\u00bb<br>Apr\u00e8s avoir rencontr\u00e9 en amont de l&rsquo;AG, le 12 septembre 2023, des conteuses belges et des conteuses suisses, nous avons d\u00e9cid\u00e9 de r\u00e9aliser des portraits par pays de la situation du conte et des conteurs et conteuses professionnelles. Ces portraits vont \u00eatre publi\u00e9s prochainement par le biais de flashs d\u00e9di\u00e9s ainsi que sur le site de l\u2019APACC. Ils feront aussi l\u2019objet d\u2019articles dans les prochains num\u00e9ros de la Grande Oreille. <br>Par ailleurs nous souhaitons r\u00e9aliser \u00e0 l\u2019automne un colloque sur l\u2019histoire des peuples et des mythes de l\u2019Afrique sub-saharienne. En effet, cette histoire est, dans notre pays, trop m\u00e9connue. Les repr\u00e9sentations que nous en avons sont souvent fauss\u00e9es par un prisme post-colonial. Nous souhaitons, lors de ce colloque, donner la parole \u00e0 des ethnologues et historien\u00b7es africain\u00b7es afin qu\u2019ielles puissent y pr\u00e9senter l\u2019avanc\u00e9e de leur recherches.<\/p>\n\n\n\n<p>N\u2019h\u00e9sitez pas nous faire part de vos remarques et pistes de r\u00e9flexions et pourquoi pas \u00e0 nous rejoindre : &#105;&#x6e;&#x74;e&#114;&#x6e;a&#116;&#x69;&#x6f;&#110;&#x61;&#x6c;&#64;&#99;&#x6f;n&#116;&#x65;&#x75;&#114;&#x73;&#x70;r&#111;&#x2e;f&#114;<\/p>\n","protected":false},"excerpt":{"rendered":"<p>La commission \u00ab international \u00bb s\u2019est r\u00e9unie \u00e0 Lyon le 31 janvier. Elle continue de \u00ab\u00a0favoriser la rencontre entre conteuses et conteurs de pays diff\u00e9rents afin de mieux conna\u00eetre nos cultures respectives, de s&rsquo;enrichir de nos ressemblances et de nos diff\u00e9rences, et enfin de cr\u00e9er des solidarit\u00e9s internationales.\u00a0\u00bbApr\u00e8s avoir rencontr\u00e9 en amont de l&rsquo;AG, le 12 septembre 2023, des conteuses belges et des conteuses suisses, nous avons d\u00e9cid\u00e9 de r\u00e9aliser des portraits par pays de la situation du conte et des conteurs et conteuses professionnelles. Ces portraits vont \u00eatre publi\u00e9s prochainement par le biais de flashs d\u00e9di\u00e9s ainsi que sur le site de l\u2019APACC. Ils feront aussi l\u2019objet d\u2019articles dans les prochains num\u00e9ros de la Grande Oreille. Par ailleurs nous souhaitons r\u00e9aliser \u00e0 l\u2019automne un colloque sur l\u2019histoire des peuples et des mythes de l\u2019Afrique sub-saharienne. En effet, cette histoire est, dans notre pays, trop m\u00e9connue. Les repr\u00e9sentations que nous en avons sont souvent fauss\u00e9es par un prisme post-colonial. Nous souhaitons, lors de ce colloque, donner la parole \u00e0 des ethnologues et historien\u00b7es africain\u00b7es afin qu\u2019ielles puissent y pr\u00e9senter l\u2019avanc\u00e9e de leur recherches. N\u2019h\u00e9sitez pas nous faire part de vos remarques et pistes de r\u00e9flexions et pourquoi pas \u00e0 nous rejoindre : &#x69;n&#x74;&#101;r&#x6e;&#97;&#x74;&#x69;o&#x6e;&#97;l&#x40;&#99;&#x6f;&#110;t&#x65;&#117;r&#x73;&#112;&#x72;&#111;&#46;&#x66;&#114;<\/p>\n","protected":false},"author":23,"featured_media":3505,"comment_status":"closed","ping_status":"closed","sticky":false,"template":"","format":"standard","meta":{"footnotes":""},"categories":[1],"tags":[],"class_list":["post-3504","post","type-post","status-publish","format-standard","has-post-thumbnail","hentry","category-non-classe"],"_links":{"self":[{"href":"https:\/\/conteurspro.fr\/site\/wp-json\/wp\/v2\/posts\/3504","targetHints":{"allow":["GET"]}}],"collection":[{"href":"https:\/\/conteurspro.fr\/site\/wp-json\/wp\/v2\/posts"}],"about":[{"href":"https:\/\/conteurspro.fr\/site\/wp-json\/wp\/v2\/types\/post"}],"author":[{"embeddable":true,"href":"https:\/\/conteurspro.fr\/site\/wp-json\/wp\/v2\/users\/23"}],"replies":[{"embeddable":true,"href":"https:\/\/conteurspro.fr\/site\/wp-json\/wp\/v2\/comments?post=3504"}],"version-history":[{"count":1,"href":"https:\/\/conteurspro.fr\/site\/wp-json\/wp\/v2\/posts\/3504\/revisions"}],"predecessor-version":[{"id":3506,"href":"https:\/\/conteurspro.fr\/site\/wp-json\/wp\/v2\/posts\/3504\/revisions\/3506"}],"wp:featuredmedia":[{"embeddable":true,"href":"https:\/\/conteurspro.fr\/site\/wp-json\/wp\/v2\/media\/3505"}],"wp:attachment":[{"href":"https:\/\/conteurspro.fr\/site\/wp-json\/wp\/v2\/media?parent=3504"}],"wp:term":[{"taxonomy":"category","embeddable":true,"href":"https:\/\/conteurspro.fr\/site\/wp-json\/wp\/v2\/categories?post=3504"},{"taxonomy":"post_tag","embeddable":true,"href":"https:\/\/conteurspro.fr\/site\/wp-json\/wp\/v2\/tags?post=3504"}],"curies":[{"name":"wp","href":"https:\/\/api.w.org\/{rel}","templated":true}]}}