{"id":3609,"date":"2024-06-24T14:08:10","date_gmt":"2024-06-24T12:08:10","guid":{"rendered":"https:\/\/conteurspro.fr\/site\/?p=3609"},"modified":"2024-09-25T19:22:14","modified_gmt":"2024-09-25T17:22:14","slug":"portrait-du-conte-en-suisse-romande","status":"publish","type":"post","link":"https:\/\/conteurspro.fr\/site\/2024\/06\/24\/portrait-du-conte-en-suisse-romande\/","title":{"rendered":"Portrait des conteurs et conteuses du monde. Episode n\u00b01 : la Suisse romande"},"content":{"rendered":"\n<p><\/p>\n\n\n\n<p>A partir de juillet 2024, la commission \u00ab\u00a0international\u00a0\u00bb r\u00e9alise des portraits de la situation des conteuses et conteurs dans diff\u00e9rents pays. <\/p>\n\n\n\n<p>Voici le portrait n\u00b01 sur la Suisse romande, r\u00e9alis\u00e9 par Catherine Gaillard. Pour lire l&rsquo;article, cliquez sur l&rsquo;image ci-dessous. <\/p>\n\n\n\n<p><a href=\"https:\/\/conteurspro.fr\/site\/wp-content\/uploads\/2024\/06\/portrait-01-suisse-A4-g-1.pdf\">EPISODE 1 : la Suisse romande<\/a><\/p>\n\n\n\n<p>Vous souhaiter r\u00e9agir \u00e0 cette article, merci de nous \u00e9crire \u00e0&nbsp;<a href=\"mailto:i&#110;&#116;&#101;&#114;&#110;&#97;&#116;&#105;&#111;&#110;&#x61;&#x6c;&#x40;&#x63;&#x6f;&#x6e;&#x74;&#x65;&#x75;&#x72;&#x73;&#x70;&#x72;&#x6f;&#x2e;fr\" target=\"_blank\" rel=\"noreferrer noopener\">inte&#114;&#110;&#97;&#116;&#105;&#x6f;&#x6e;&#x61;&#x6c;&#x40;&#x63;&#x6f;nteu&#114;&#115;&#112;&#114;&#111;&#x2e;&#x66;&#x72;<\/a><\/p>\n","protected":false},"excerpt":{"rendered":"<p>A partir de juillet 2024, la commission \u00ab\u00a0international\u00a0\u00bb r\u00e9alise des portraits de la situation des conteuses et conteurs dans diff\u00e9rents pays. Voici le portrait n\u00b01 sur la Suisse romande, r\u00e9alis\u00e9 par Catherine Gaillard. Pour lire l&rsquo;article, cliquez sur l&rsquo;image ci-dessous. EPISODE 1 : la Suisse romande Vous souhaiter r\u00e9agir \u00e0 cette article, merci de nous \u00e9crire \u00e0&nbsp;&#x69;&#x6e;&#x74;&#x65;&#x72;&#x6e;&#x61;&#x74;&#x69;&#x6f;&#x6e;&#x61;&#x6c;&#x40;&#x63;&#x6f;&#x6e;&#x74;&#x65;&#x75;&#x72;&#x73;&#112;&#114;&#111;&#46;&#102;&#114;<\/p>\n","protected":false},"author":23,"featured_media":3610,"comment_status":"closed","ping_status":"closed","sticky":false,"template":"","format":"standard","meta":{"footnotes":""},"categories":[5],"tags":[],"class_list":["post-3609","post","type-post","status-publish","format-standard","has-post-thumbnail","hentry","category-actualites"],"_links":{"self":[{"href":"https:\/\/conteurspro.fr\/site\/wp-json\/wp\/v2\/posts\/3609","targetHints":{"allow":["GET"]}}],"collection":[{"href":"https:\/\/conteurspro.fr\/site\/wp-json\/wp\/v2\/posts"}],"about":[{"href":"https:\/\/conteurspro.fr\/site\/wp-json\/wp\/v2\/types\/post"}],"author":[{"embeddable":true,"href":"https:\/\/conteurspro.fr\/site\/wp-json\/wp\/v2\/users\/23"}],"replies":[{"embeddable":true,"href":"https:\/\/conteurspro.fr\/site\/wp-json\/wp\/v2\/comments?post=3609"}],"version-history":[{"count":7,"href":"https:\/\/conteurspro.fr\/site\/wp-json\/wp\/v2\/posts\/3609\/revisions"}],"predecessor-version":[{"id":3772,"href":"https:\/\/conteurspro.fr\/site\/wp-json\/wp\/v2\/posts\/3609\/revisions\/3772"}],"wp:featuredmedia":[{"embeddable":true,"href":"https:\/\/conteurspro.fr\/site\/wp-json\/wp\/v2\/media\/3610"}],"wp:attachment":[{"href":"https:\/\/conteurspro.fr\/site\/wp-json\/wp\/v2\/media?parent=3609"}],"wp:term":[{"taxonomy":"category","embeddable":true,"href":"https:\/\/conteurspro.fr\/site\/wp-json\/wp\/v2\/categories?post=3609"},{"taxonomy":"post_tag","embeddable":true,"href":"https:\/\/conteurspro.fr\/site\/wp-json\/wp\/v2\/tags?post=3609"}],"curies":[{"name":"wp","href":"https:\/\/api.w.org\/{rel}","templated":true}]}}