{"id":4220,"date":"2025-01-06T18:01:19","date_gmt":"2025-01-06T17:01:19","guid":{"rendered":"https:\/\/conteurspro.fr\/site\/?p=4220"},"modified":"2025-02-23T13:17:51","modified_gmt":"2025-02-23T12:17:51","slug":"sur-loralite-inclusive","status":"publish","type":"post","link":"https:\/\/conteurspro.fr\/site\/2025\/01\/06\/sur-loralite-inclusive\/","title":{"rendered":"Sur l&rsquo;oralit\u00e9 inclusive"},"content":{"rendered":"\n<p>En 2021, la commission Egalit\u00e9 a invit\u00e9 la professeure \u00e9m\u00e9rite de litt\u00e9rature <strong>Eliane Viennot\u00a0<\/strong>pour une conf\u00e9rence intitul\u00e9e<strong>\u00a0\u00ab\u00a0S\u2019exprimer en toute \u00e9galit\u00e9 : vieille langue, nouveaux usages\u00a0\u00bb\u00a0\u00a0<\/strong>suivie d\u2019une discussion. Une discussion toujours d&rsquo;actualit\u00e9 !<strong><br><\/strong>Vous trouverez\u00a0<a href=\"https:\/\/www.conteurspro.fr\/viennot.m4a\">ici\u00a0<\/a><strong>l\u2019enregistrement complet de la conf\u00e9rence<\/strong>, instructive et passionnante !<\/p>\n\n\n\n<p> Bonne \u00e9coute\u2026 Casque ou enceintes recommand\u00e9es pour ce fichier son.<\/p>\n\n\n\n<p>Voici une courte biographie accompagn\u00e9e de quelques \u00e9clats embl\u00e9matiques de sa conf\u00e9rence pour l\u2019APACC :\u00a0\u00a0<a href=\"https:\/\/conteurspro.fr\/site\/wp-content\/uploads\/2021\/09\/Eliane-Viennot-a-lAPACC-le-6-septembre-2021.pdf\">Eliane Viennot \u00e0 l\u2019APACC le 6 septembre 2021<\/a><\/p>\n\n\n\n<p>Nous vous invitons \u00e0 d\u00e9couvrir aussi :<\/p>\n\n\n\n<p>un\u00a0<strong>outil pratique, simple et gratuit<\/strong>\u00a0consultable et imprimable en ligne :\u00a0<a href=\"https:\/\/conteurspro.fr\/site\/wp-content\/uploads\/2025\/02\/manuel-ecriture-inclusive-2016.pdf\">le\u00a0Manuel d\u2019\u00e9criture inclusive \u00e9dit\u00e9 par Mots-cl\u00e9s, pdf en libre acc\u00e8s.<\/a><\/p>\n","protected":false},"excerpt":{"rendered":"<p>En 2021, la commission Egalit\u00e9 a invit\u00e9 la professeure \u00e9m\u00e9rite de litt\u00e9rature Eliane Viennot\u00a0pour une conf\u00e9rence intitul\u00e9e\u00a0\u00ab\u00a0S\u2019exprimer en toute \u00e9galit\u00e9 : vieille langue, nouveaux usages\u00a0\u00bb\u00a0\u00a0suivie d\u2019une discussion. Une discussion toujours d&rsquo;actualit\u00e9 !Vous trouverez\u00a0ici\u00a0l\u2019enregistrement complet de la conf\u00e9rence, instructive et passionnante ! Bonne \u00e9coute\u2026 Casque ou enceintes recommand\u00e9es pour ce fichier son. Voici une courte biographie accompagn\u00e9e de quelques \u00e9clats embl\u00e9matiques de sa conf\u00e9rence pour l\u2019APACC :\u00a0\u00a0Eliane Viennot \u00e0 l\u2019APACC le 6 septembre 2021 Nous vous invitons \u00e0 d\u00e9couvrir aussi : un\u00a0outil pratique, simple et gratuit\u00a0consultable et imprimable en ligne :\u00a0le\u00a0Manuel d\u2019\u00e9criture inclusive \u00e9dit\u00e9 par Mots-cl\u00e9s, pdf en libre acc\u00e8s.<\/p>\n","protected":false},"author":23,"featured_media":4266,"comment_status":"closed","ping_status":"open","sticky":false,"template":"","format":"standard","meta":{"footnotes":""},"categories":[5],"tags":[],"class_list":["post-4220","post","type-post","status-publish","format-standard","has-post-thumbnail","hentry","category-actualites"],"_links":{"self":[{"href":"https:\/\/conteurspro.fr\/site\/wp-json\/wp\/v2\/posts\/4220","targetHints":{"allow":["GET"]}}],"collection":[{"href":"https:\/\/conteurspro.fr\/site\/wp-json\/wp\/v2\/posts"}],"about":[{"href":"https:\/\/conteurspro.fr\/site\/wp-json\/wp\/v2\/types\/post"}],"author":[{"embeddable":true,"href":"https:\/\/conteurspro.fr\/site\/wp-json\/wp\/v2\/users\/23"}],"replies":[{"embeddable":true,"href":"https:\/\/conteurspro.fr\/site\/wp-json\/wp\/v2\/comments?post=4220"}],"version-history":[{"count":1,"href":"https:\/\/conteurspro.fr\/site\/wp-json\/wp\/v2\/posts\/4220\/revisions"}],"predecessor-version":[{"id":4222,"href":"https:\/\/conteurspro.fr\/site\/wp-json\/wp\/v2\/posts\/4220\/revisions\/4222"}],"wp:featuredmedia":[{"embeddable":true,"href":"https:\/\/conteurspro.fr\/site\/wp-json\/wp\/v2\/media\/4266"}],"wp:attachment":[{"href":"https:\/\/conteurspro.fr\/site\/wp-json\/wp\/v2\/media?parent=4220"}],"wp:term":[{"taxonomy":"category","embeddable":true,"href":"https:\/\/conteurspro.fr\/site\/wp-json\/wp\/v2\/categories?post=4220"},{"taxonomy":"post_tag","embeddable":true,"href":"https:\/\/conteurspro.fr\/site\/wp-json\/wp\/v2\/tags?post=4220"}],"curies":[{"name":"wp","href":"https:\/\/api.w.org\/{rel}","templated":true}]}}