{"id":4335,"date":"2025-03-20T11:38:22","date_gmt":"2025-03-20T10:38:22","guid":{"rendered":"https:\/\/conteurspro.fr\/site\/?p=4335"},"modified":"2025-04-15T22:10:07","modified_gmt":"2025-04-15T20:10:07","slug":"retour-sur-la-fete-de-lapacc","status":"publish","type":"post","link":"https:\/\/conteurspro.fr\/site\/2025\/03\/20\/retour-sur-la-fete-de-lapacc\/","title":{"rendered":"Retour sur la f\u00eate de l&rsquo;APACC"},"content":{"rendered":"\n<p>Quelle belle journ\u00e9e lundi 17 mars 2025 \u00e0 la Halle Pajol pour f\u00eater le conte, le travail de l&rsquo;Apacc, les partenaires pr\u00e9cieux et remercier les conteurs et conteuses du Renouveau !<\/p>\n\n\n\n<p><a><\/a>Avec joie, \u00e9motions et engagement, nous avons partag\u00e9 des moments de r\u00e9flexion et de f\u00eate qui nous porteront pendant les prochains jours.<\/p>\n\n\n\n<p>Merci aux b\u00e9n\u00e9voles de l&rsquo;association, aux conteurs et conteuses venus de tous horizons pour l&rsquo;occasion, au <a href=\"https:\/\/www.facebook.com\/reseaunationalduconteetdesartsdelaparole?__cft__[0]=AZURTEm0HzTebP55hg_AilI-LvnnfwyHZSxoXfi3xs-KrRpZICBtofPmrm2g3IdlHrz85P3bhNU-K0RIPLH3msfcu4cYWghkupDTAF2vBXMQhdO4NfLF_82AFvxXpMok8AMm1wMnls4MtHyJ0Xsur0OQjfN7Lp8U0v0KE15WSERYK66vx4WVHmgXhZ91AeQ_FtS1s2ZtRZRhnILVO4fJK3HK&amp;__tn__=-]K-R\">RNCAP R\u00e9seau National du Conte et des Arts de la Parole<\/a>, aux \u00e9ditions <a href=\"https:\/\/www.facebook.com\/OuiDireEditions?__cft__[0]=AZURTEm0HzTebP55hg_AilI-LvnnfwyHZSxoXfi3xs-KrRpZICBtofPmrm2g3IdlHrz85P3bhNU-K0RIPLH3msfcu4cYWghkupDTAF2vBXMQhdO4NfLF_82AFvxXpMok8AMm1wMnls4MtHyJ0Xsur0OQjfN7Lp8U0v0KE15WSERYK66vx4WVHmgXhZ91AeQ_FtS1s2ZtRZRhnILVO4fJK3HK&amp;__tn__=-]K-R\">Oui&rsquo;Dire \u00e9ditions<\/a> et \u00e0 la revue <a href=\"https:\/\/www.facebook.com\/revue.LGO?__cft__[0]=AZURTEm0HzTebP55hg_AilI-LvnnfwyHZSxoXfi3xs-KrRpZICBtofPmrm2g3IdlHrz85P3bhNU-K0RIPLH3msfcu4cYWghkupDTAF2vBXMQhdO4NfLF_82AFvxXpMok8AMm1wMnls4MtHyJ0Xsur0OQjfN7Lp8U0v0KE15WSERYK66vx4WVHmgXhZ91AeQ_FtS1s2ZtRZRhnILVO4fJK3HK&amp;__tn__=-]K-R\">La Grande Oreille<\/a>.<\/p>\n\n\n\n<p>Ce travail collectif est pr\u00e9cieux !!<\/p>\n\n\n\n<p>&#8211;&gt;Mardi 18 mars, une \u00e9quipe de l&rsquo;Apacc est all\u00e9e d\u00e9fendre le conte aupr\u00e8s du minist\u00e8re de la Culture <img loading=\"lazy\" decoding=\"async\" height=\"16\" width=\"16\" src=\"https:\/\/static.xx.fbcdn.net\/images\/emoji.php\/v9\/te5\/1\/16\/1f91e.png\" alt=\"\ud83e\udd1e\"><\/p>\n\n\n\n<p>&#8211;>Retrouvez la liste des actes collectifs qui auront lieu dans les prochaines semaines en <a href=\"https:\/\/conteurspro.fr\/site\/actes-collectifs-3\/\">cliquant-ici<\/a>.<\/p>\n\n\n\n<p>&#8211;&gt;Rendez-vous \u00e0 Narbonne le 9, 10 et 11 septembre 2025 pour l&rsquo;assembl\u00e9e g\u00e9n\u00e9rale !<\/p>\n\n\n\n<p>Sur la photo sont rassembl\u00e9s une partie des 51 conteurs et conteuses du Renouveau interview\u00e9s par la commission M\u00e9moire depuis 10 ans.<\/p>\n\n\n\n<p><\/p>\n","protected":false},"excerpt":{"rendered":"<p>Quelle belle journ\u00e9e lundi 17 mars 2025 \u00e0 la Halle Pajol pour f\u00eater le conte, le travail de l&rsquo;Apacc, les partenaires pr\u00e9cieux et remercier les conteurs et conteuses du Renouveau ! Avec joie, \u00e9motions et engagement, nous avons partag\u00e9 des moments de r\u00e9flexion et de f\u00eate qui nous porteront pendant les prochains jours. Merci aux b\u00e9n\u00e9voles de l&rsquo;association, aux conteurs et conteuses venus de tous horizons pour l&rsquo;occasion, au RNCAP R\u00e9seau National du Conte et des Arts de la Parole, aux \u00e9ditions Oui&rsquo;Dire \u00e9ditions et \u00e0 la revue La Grande Oreille. Ce travail collectif est pr\u00e9cieux !! &#8211;&gt;Mardi 18 mars, une \u00e9quipe de l&rsquo;Apacc est all\u00e9e d\u00e9fendre le conte aupr\u00e8s du minist\u00e8re de la Culture &#8211;>Retrouvez la liste des actes collectifs qui auront lieu dans les prochaines semaines en cliquant-ici. &#8211;&gt;Rendez-vous \u00e0 Narbonne le 9, 10 et 11 septembre 2025 pour l&rsquo;assembl\u00e9e g\u00e9n\u00e9rale ! Sur la photo sont rassembl\u00e9s une partie des 51 conteurs et conteuses du Renouveau interview\u00e9s par la commission M\u00e9moire depuis 10 ans.<\/p>\n","protected":false},"author":23,"featured_media":4403,"comment_status":"closed","ping_status":"open","sticky":false,"template":"","format":"standard","meta":{"footnotes":""},"categories":[5],"tags":[],"class_list":["post-4335","post","type-post","status-publish","format-standard","has-post-thumbnail","hentry","category-actualites"],"_links":{"self":[{"href":"https:\/\/conteurspro.fr\/site\/wp-json\/wp\/v2\/posts\/4335","targetHints":{"allow":["GET"]}}],"collection":[{"href":"https:\/\/conteurspro.fr\/site\/wp-json\/wp\/v2\/posts"}],"about":[{"href":"https:\/\/conteurspro.fr\/site\/wp-json\/wp\/v2\/types\/post"}],"author":[{"embeddable":true,"href":"https:\/\/conteurspro.fr\/site\/wp-json\/wp\/v2\/users\/23"}],"replies":[{"embeddable":true,"href":"https:\/\/conteurspro.fr\/site\/wp-json\/wp\/v2\/comments?post=4335"}],"version-history":[{"count":1,"href":"https:\/\/conteurspro.fr\/site\/wp-json\/wp\/v2\/posts\/4335\/revisions"}],"predecessor-version":[{"id":4337,"href":"https:\/\/conteurspro.fr\/site\/wp-json\/wp\/v2\/posts\/4335\/revisions\/4337"}],"wp:featuredmedia":[{"embeddable":true,"href":"https:\/\/conteurspro.fr\/site\/wp-json\/wp\/v2\/media\/4403"}],"wp:attachment":[{"href":"https:\/\/conteurspro.fr\/site\/wp-json\/wp\/v2\/media?parent=4335"}],"wp:term":[{"taxonomy":"category","embeddable":true,"href":"https:\/\/conteurspro.fr\/site\/wp-json\/wp\/v2\/categories?post=4335"},{"taxonomy":"post_tag","embeddable":true,"href":"https:\/\/conteurspro.fr\/site\/wp-json\/wp\/v2\/tags?post=4335"}],"curies":[{"name":"wp","href":"https:\/\/api.w.org\/{rel}","templated":true}]}}