{"id":4374,"date":"2025-03-31T11:10:12","date_gmt":"2025-03-31T09:10:12","guid":{"rendered":"https:\/\/conteurspro.fr\/site\/?p=4374"},"modified":"2025-04-15T21:57:20","modified_gmt":"2025-04-15T19:57:20","slug":"lapacc-sentretient-avec-le-ministere-de-la-culture","status":"publish","type":"post","link":"https:\/\/conteurspro.fr\/site\/2025\/03\/31\/lapacc-sentretient-avec-le-ministere-de-la-culture\/","title":{"rendered":"L&rsquo;APACC s&rsquo;entretient avec le minist\u00e8re de la Culture"},"content":{"rendered":"\n<p>L\u2019APACC est soutenue par le Minist\u00e8re de la Culture, qui depuis 10 ans lui attribue une subvention pour mener \u00e0 bien une partie de ses actions. Chaque ann\u00e9e, notre association pr\u00e9sente le bilan d\u2019activit\u00e9s, les perspectives, et sollicite de nouveau une subvention. Le 18 mars, le bin\u00f4me de coordination et le tr\u00e9sorier ont rencontr\u00e9 la charg\u00e9e de mission Cirque, \u00c9critures Dramatiques Contemporaines, Arts de la parole, qui est notre interlocutrice au minist\u00e8re. <\/p>\n\n\n\n<p>Ce rendez-vous a \u00e9t\u00e9 l\u2019occasion de partager<strong> <\/strong>la richesse de la f\u00eate des 15 ans v\u00e9cue la veille, de transmettre le livret des Portraits de pays de la commission International et la nouvelle carte de communication de l&rsquo;APACC.<\/p>\n\n\n\n<p>Nous avons \u00e9voqu\u00e9<strong> l<\/strong>es besoins de notre<strong> <\/strong>f\u00e9d\u00e9ration nationale pour faciliter son fonctionnement et les demandes que nous souhaitions aborder pour am\u00e9liorer les conditions de travail des conteurs et conteuses.<\/p>\n\n\n\n<p>Au regard du d\u00e9veloppement de l&rsquo;activit\u00e9 de notre association, nous avons demand\u00e9 une augmentation du soutien financier.Nous avons transmis la lettre \u00e9crite et sign\u00e9e en partenariat avec le RNCAP, s&rsquo;adressant au Minist\u00e8re et aux DRAC, dans laquelle nous abordons les sujets \u00e9voqu\u00e9s\u00a0lors du rendez-vous et que vous pouvez lire ci-dessous.<\/p>\n\n\n\n<p>La charg\u00e9e de mission nous a inform\u00e9 qu&rsquo;aucune augmentation n&rsquo;\u00e9tait envisageable cette ann\u00e9e. Pour ce qui est des autres demandes, elle souhaite commander un \u00e9tat des lieux du<strong> <\/strong>secteur conte qui devrait aboutir en 2026 et ce afin de cerner le fonctionnement des Arts du conte et du R\u00e9cit, d\u00e9finir les besoins en termes de structuration de fili\u00e8re et \u00e9tablir une politique publique sp\u00e9cifique \u00e0 notre discipline.<br><\/p>\n\n\n\n<p>Bien \u00e9videmment, nous avons propos\u00e9 de collaborer \u00e0 cette \u00e9tude, en facilitant autant que possible le travail de l\u2019inspecteur ou de l\u2019inspectrice minist\u00e9riel.le qui sera charg\u00e9.e de cette mission.<\/p>\n\n\n\n<p>Mais notre aventure minist\u00e9rielle ne s\u2019arr\u00eate pas l\u00e0. L&rsquo;APACC avait invit\u00e9 quelques officiel.les \u00e0 venir f\u00eater les 15 ans de l\u2019APACC dont, Mme Borne, ministre de l\u2019\u00e9ducation. En retour, l&rsquo;association a re\u00e7u une invitation de la conseill\u00e8re Environnement, Education artistique et culturelle, charg\u00e9e de mission aupr\u00e8s du Directeur du cabinet de la ministre. Le rendez-vous est fix\u00e9 au vendredi 4 avril. Nous le pr\u00e9parons activement et vous raconterons ce nouvel entretien.<\/p>\n\n\n\n<p><\/p>\n\n\n\n<div data-wp-interactive=\"core\/file\" class=\"wp-block-file\"><object data-wp-bind--hidden=\"!state.hasPdfPreview\" hidden class=\"wp-block-file__embed\" data=\"https:\/\/conteurspro.fr\/site\/wp-content\/uploads\/2025\/03\/LETTRE-AU-MINISTERE-ET-DRAC-1.pdf\" type=\"application\/pdf\" style=\"width:100%;height:600px\" aria-label=\"Contenu embarqu\u00e9 LETTRE AU MINISTERE ET DRAC.\"><\/object><a id=\"wp-block-file--media-9aed52ee-b929-45a8-adaa-a8491afc9f7d\" href=\"https:\/\/conteurspro.fr\/site\/wp-content\/uploads\/2025\/03\/LETTRE-AU-MINISTERE-ET-DRAC-1.pdf\">LETTRE AU MINISTERE ET DRAC<\/a><a href=\"https:\/\/conteurspro.fr\/site\/wp-content\/uploads\/2025\/03\/LETTRE-AU-MINISTERE-ET-DRAC-1.pdf\" class=\"wp-block-file__button wp-element-button\" download aria-describedby=\"wp-block-file--media-9aed52ee-b929-45a8-adaa-a8491afc9f7d\">T\u00e9l\u00e9charger<\/a><\/div>\n\n\n\n<p><\/p>\n","protected":false},"excerpt":{"rendered":"<p>L\u2019APACC est soutenue par le Minist\u00e8re de la Culture, qui depuis 10 ans lui attribue une subvention pour mener \u00e0 bien une partie de ses actions. Chaque ann\u00e9e, notre association pr\u00e9sente le bilan d\u2019activit\u00e9s, les perspectives, et sollicite de nouveau une subvention. Le 18 mars, le bin\u00f4me de coordination et le tr\u00e9sorier ont rencontr\u00e9 la charg\u00e9e de mission Cirque, \u00c9critures Dramatiques Contemporaines, Arts de la parole, qui est notre interlocutrice au minist\u00e8re. Ce rendez-vous a \u00e9t\u00e9 l\u2019occasion de partager la richesse de la f\u00eate des 15 ans v\u00e9cue la veille, de transmettre le livret des Portraits de pays de la commission International et la nouvelle carte de communication de l&rsquo;APACC. Nous avons \u00e9voqu\u00e9 les besoins de notre f\u00e9d\u00e9ration nationale pour faciliter son fonctionnement et les demandes que nous souhaitions aborder pour am\u00e9liorer les conditions de travail des conteurs et conteuses. Au regard du d\u00e9veloppement de l&rsquo;activit\u00e9 de notre association, nous avons demand\u00e9 une augmentation du soutien financier.Nous avons transmis la lettre \u00e9crite et sign\u00e9e en partenariat avec le RNCAP, s&rsquo;adressant au Minist\u00e8re et aux DRAC, dans laquelle nous abordons les sujets \u00e9voqu\u00e9s\u00a0lors du rendez-vous et que vous pouvez lire ci-dessous. La charg\u00e9e de mission nous a inform\u00e9 qu&rsquo;aucune augmentation n&rsquo;\u00e9tait envisageable cette ann\u00e9e. Pour ce qui est des autres demandes, elle souhaite commander un \u00e9tat des lieux du secteur conte qui devrait aboutir en 2026 et ce afin de cerner le fonctionnement des Arts du conte et du R\u00e9cit, d\u00e9finir les besoins en termes de structuration de fili\u00e8re et \u00e9tablir une politique publique sp\u00e9cifique \u00e0 notre discipline. Bien \u00e9videmment, nous avons propos\u00e9 de collaborer \u00e0 cette \u00e9tude, en facilitant autant que possible le travail de l\u2019inspecteur ou de l\u2019inspectrice minist\u00e9riel.le qui sera charg\u00e9.e de cette mission. Mais notre aventure minist\u00e9rielle ne s\u2019arr\u00eate pas l\u00e0. L&rsquo;APACC avait invit\u00e9 quelques officiel.les \u00e0 venir f\u00eater les 15 ans de l\u2019APACC dont, Mme Borne, ministre de l\u2019\u00e9ducation. En retour, l&rsquo;association a re\u00e7u une invitation de la conseill\u00e8re Environnement, Education artistique et culturelle, charg\u00e9e de mission aupr\u00e8s du Directeur du cabinet de la ministre. Le rendez-vous est fix\u00e9 au vendredi 4 avril. Nous le pr\u00e9parons activement et vous raconterons ce nouvel entretien.<\/p>\n","protected":false},"author":23,"featured_media":4401,"comment_status":"closed","ping_status":"open","sticky":false,"template":"","format":"standard","meta":{"footnotes":""},"categories":[5],"tags":[],"class_list":["post-4374","post","type-post","status-publish","format-standard","has-post-thumbnail","hentry","category-actualites"],"_links":{"self":[{"href":"https:\/\/conteurspro.fr\/site\/wp-json\/wp\/v2\/posts\/4374","targetHints":{"allow":["GET"]}}],"collection":[{"href":"https:\/\/conteurspro.fr\/site\/wp-json\/wp\/v2\/posts"}],"about":[{"href":"https:\/\/conteurspro.fr\/site\/wp-json\/wp\/v2\/types\/post"}],"author":[{"embeddable":true,"href":"https:\/\/conteurspro.fr\/site\/wp-json\/wp\/v2\/users\/23"}],"replies":[{"embeddable":true,"href":"https:\/\/conteurspro.fr\/site\/wp-json\/wp\/v2\/comments?post=4374"}],"version-history":[{"count":1,"href":"https:\/\/conteurspro.fr\/site\/wp-json\/wp\/v2\/posts\/4374\/revisions"}],"predecessor-version":[{"id":4378,"href":"https:\/\/conteurspro.fr\/site\/wp-json\/wp\/v2\/posts\/4374\/revisions\/4378"}],"wp:featuredmedia":[{"embeddable":true,"href":"https:\/\/conteurspro.fr\/site\/wp-json\/wp\/v2\/media\/4401"}],"wp:attachment":[{"href":"https:\/\/conteurspro.fr\/site\/wp-json\/wp\/v2\/media?parent=4374"}],"wp:term":[{"taxonomy":"category","embeddable":true,"href":"https:\/\/conteurspro.fr\/site\/wp-json\/wp\/v2\/categories?post=4374"},{"taxonomy":"post_tag","embeddable":true,"href":"https:\/\/conteurspro.fr\/site\/wp-json\/wp\/v2\/tags?post=4374"}],"curies":[{"name":"wp","href":"https:\/\/api.w.org\/{rel}","templated":true}]}}