{"id":4595,"date":"2025-06-24T19:06:20","date_gmt":"2025-06-24T17:06:20","guid":{"rendered":"https:\/\/conteurspro.fr\/site\/?p=4595"},"modified":"2025-06-24T19:06:21","modified_gmt":"2025-06-24T17:06:21","slug":"actes-collectifs-ac","status":"publish","type":"post","link":"https:\/\/conteurspro.fr\/site\/2025\/06\/24\/actes-collectifs-ac\/","title":{"rendered":"Actes Collectifs (AC)"},"content":{"rendered":"\n<p><strong>La saison se termine vivement la prochaine<\/strong><\/p>\n\n\n\n<p>Avec un petit dernier le 12 juin (en visio) sur le th\u00e8me des collectifs de conteurs, au final 7 AC se sont d\u00e9roul\u00e9s entre janvier et juin 2025, r\u00e9unissant tout au long de l\u2019ann\u00e9e et aux quatre coins de France plus d\u2019une cinquantaine de participant\u00b7es.&nbsp;<\/p>\n\n\n\n<p>Vous pouvez d\u00e9couvrir ci-dessous les bilans des deux derniers AC.<\/p>\n\n\n\n<p><strong>Le p\u2019tit bilan&nbsp;:&nbsp;<\/strong><\/p>\n\n\n\n<p><strong>Conter avec des petits instruments \u2013 2 et 3 juin 2025 \u00e0 Corveissiat (01)<\/strong><\/p>\n\n\n\n<p>Nous avons commenc\u00e9 par pr\u00e9senter et faire essayer les petits instruments apport\u00e9s par chacun\u00b7e. Ensuite, nous avons \u00e9chang\u00e9 quelques techniques de jeu sp\u00e9cifiques \u00e0 certains instruments&nbsp;: les sanzas, le jeu des cuill\u00e8res, les fl\u00fbtes \u00ab&nbsp;pygm\u00e9e&nbsp;\u00bb \u2026<\/p>\n\n\n\n<p>Nous avons explor\u00e9&nbsp;: conter \u00e0 une voix, \u00e0 deux voix, avec un.e ou deux musicien.nes\u2026 On explore, on se cale sur le rythme du musicien \u2026 ou on se d\u00e9cale pour produire d\u2019autres effets. Le son figuratif est quant \u00e0 lui sympa lorsqu&rsquo;il reste exceptionnel\u2026<\/p>\n\n\n\n<p>Nous avons ensuite exp\u00e9riment\u00e9&nbsp;de conter seul en jouant soi-m\u00eame de l\u2019instrument&nbsp;: comment l\u2019instrument peut rester discret tant qu\u2019il ne joue pas, ou participer au contraire \u00e0 la narration en \u00e9voquant un ou des \u00e9l\u00e9ment(s) de l\u2019histoire.<\/p>\n\n\n\n<p>De nombreuses pistes ouvertes qui nous invitent \u00e0 poursuivre nos explorations et \u00e0 en envisager d\u2019autres&nbsp;: raconter avec des objets d\u00e9tourn\u00e9s, raconter en s\u2019accompagnant de percussions corporelles\u2026<\/p>\n\n\n\n<p><\/p>\n\n\n<div class=\"wp-block-image\">\n<figure class=\"aligncenter size-full is-resized\"><img loading=\"lazy\" decoding=\"async\" width=\"482\" height=\"362\" src=\"https:\/\/conteurspro.fr\/site\/wp-content\/uploads\/2025\/06\/sanza.jpg\" alt=\"\" class=\"wp-image-4596\" style=\"width:258px;height:auto\" srcset=\"https:\/\/conteurspro.fr\/site\/wp-content\/uploads\/2025\/06\/sanza.jpg 482w, https:\/\/conteurspro.fr\/site\/wp-content\/uploads\/2025\/06\/sanza-300x225.jpg 300w\" sizes=\"auto, (max-width: 482px) 100vw, 482px\" \/><\/figure>\n<\/div>\n\n\n<p><\/p>\n\n\n\n<p><strong>Le p\u2019tit bilan\u00a0: Les collectifs de conteuses et conteurs en r\u00e9gion \u2013 12 juin 2025 (en visio)\u00a0<\/strong><\/p>\n\n\n\n<p>Neuf repr\u00e9sentant.es de sept collectifs d\u00e9j\u00e0 bien \u00ab&nbsp;install\u00e9s&nbsp;\u00bb ou en cr\u00e9ation, et 3 conteuses \u00ab&nbsp;en r\u00e9flexion&nbsp;\u00bb ont r\u00e9pondu \u00e0 la proposition de cet AC. Chacun\u00b7e a racont\u00e9 la gen\u00e8se du collectif&nbsp;: affinit\u00e9s artistiques, cr\u00e9ation d\u2019un catalogue commun de diffusion, organisation d\u2019une journ\u00e9e professionnelle, visibilit\u00e9 du conte sur un territoire, rencontre autour de la pratique du conte.<\/p>\n\n\n\n<p>Les collectifs sont avant tout une aventure humaine et vivante qui s\u2019inscrit dans une pratique artistique et\/ou dans une d\u00e9marche de dynamisation et de reconnaissance de la pratique du conte sur un territoire. Nous avons pu en voir la diversit\u00e9, la singularit\u00e9.<\/p>\n\n\n\n<p>La richesse du collectif appara\u00eet dans la d\u00e9marche qu\u2019il implique&nbsp;: une construction ensemble vers un objectif commun. Il demande du temps, de l\u2019engagement, de l\u2019intelligence collective (parfois un r\u00e8glement int\u00e9rieur, une charte pour pr\u00e9server son esprit) mais il le rend bien&nbsp;: dans cette pratique du conte somme toute assez solitaire, il est bon de cr\u00e9er des alliances, de se nourrir. C\u2019est bon pour les conteurs ET pour le conte&nbsp;!<\/p>\n\n\n\n<ul class=\"wp-block-list\">\n<li>Pour consulter la prise de notes de cette rencontre\u00a0:\u00a0 <a href=\"https:\/\/mensuel.framapad.org\/p\/47fj8u2ov7-af0v?lang=fr\" target=\"_blank\" rel=\"noreferrer noopener\">https:\/\/mensuel.framapad.org\/p\/47fj8u2ov7-af0v?lang=fr<\/a><\/li>\n<\/ul>\n\n\n\n<ul class=\"wp-block-list\">\n<li>Pour visionner l\u2019int\u00e9gralit\u00e9 des \u00e9changes demandez le lien \u00e0\u00a0Marie Pustetto\u00a0:\u00a0<a href=\"mailto:pustetto&#46;marie&#64;gm&#97;&#105;&#108;&#46;&#99;&#111;&#109;\" target=\"_blank\" rel=\"noreferrer noopener\">&#x70;&#117;&#x73;&#116;e&#x74;&#116;o&#x2e;&#109;&#x61;&#x72;i&#x65;&#64;g&#x6d;&#97;&#x69;&#x6c;&#46;&#x63;&#111;m<\/a><\/li>\n<\/ul>\n\n\n\n<p>Les personnes suivantes ont particip\u00e9 et repr\u00e9sent\u00e9 les collectifs suivants&nbsp;:&nbsp;<\/p>\n\n\n\n<p>Guy Prunier (Les hauts parleurs et les grands parleuses), Anne Leviel et Thomas Dupont (COSA- Conteurs Oise, Somme, Aisne), Nadine Demarey (R\u00e9cits vagabonds 62), Fran\u00e7oise Goigoux (COA-Collectif oralit\u00e9 Auvergne), Doroth\u00e9e Marie, Fred Pougeard (Collectif Front de l\u2019Est), M\u00e9line Desaguillet et Marie Pierre Hoareau (Collectif des Hautes Alpes), Jean Dollet (Collectif Bourgogne), No\u00e9mie Sanson, Marie Pustetto<\/p>\n","protected":false},"excerpt":{"rendered":"<p>La saison se termine vivement la prochaine Avec un petit dernier le 12 juin (en visio) sur le th\u00e8me des collectifs de conteurs, au final 7 AC se sont d\u00e9roul\u00e9s entre janvier et juin 2025, r\u00e9unissant tout au long de l\u2019ann\u00e9e et aux quatre coins de France plus d\u2019une cinquantaine de participant\u00b7es.&nbsp; Vous pouvez d\u00e9couvrir ci-dessous les bilans des deux derniers AC. Le p\u2019tit bilan&nbsp;:&nbsp; Conter avec des petits instruments \u2013 2 et 3 juin 2025 \u00e0 Corveissiat (01) Nous avons commenc\u00e9 par pr\u00e9senter et faire essayer les petits instruments apport\u00e9s par chacun\u00b7e. Ensuite, nous avons \u00e9chang\u00e9 quelques techniques de jeu sp\u00e9cifiques \u00e0 certains instruments&nbsp;: les sanzas, le jeu des cuill\u00e8res, les fl\u00fbtes \u00ab&nbsp;pygm\u00e9e&nbsp;\u00bb \u2026 Nous avons explor\u00e9&nbsp;: conter \u00e0 une voix, \u00e0 deux voix, avec un.e ou deux musicien.nes\u2026 On explore, on se cale sur le rythme du musicien \u2026 ou on se d\u00e9cale pour produire d\u2019autres effets. Le son figuratif est quant \u00e0 lui sympa lorsqu&rsquo;il reste exceptionnel\u2026 Nous avons ensuite exp\u00e9riment\u00e9&nbsp;de conter seul en jouant soi-m\u00eame de l\u2019instrument&nbsp;: comment l\u2019instrument peut rester discret tant qu\u2019il ne joue pas, ou participer au contraire \u00e0 la narration en \u00e9voquant un ou des \u00e9l\u00e9ment(s) de l\u2019histoire. De nombreuses pistes ouvertes qui nous invitent \u00e0 poursuivre nos explorations et \u00e0 en envisager d\u2019autres&nbsp;: raconter avec des objets d\u00e9tourn\u00e9s, raconter en s\u2019accompagnant de percussions corporelles\u2026 Le p\u2019tit bilan\u00a0: Les collectifs de conteuses et conteurs en r\u00e9gion \u2013 12 juin 2025 (en visio)\u00a0 Neuf repr\u00e9sentant.es de sept collectifs d\u00e9j\u00e0 bien \u00ab&nbsp;install\u00e9s&nbsp;\u00bb ou en cr\u00e9ation, et 3 conteuses \u00ab&nbsp;en r\u00e9flexion&nbsp;\u00bb ont r\u00e9pondu \u00e0 la proposition de cet AC. Chacun\u00b7e a racont\u00e9 la gen\u00e8se du collectif&nbsp;: affinit\u00e9s artistiques, cr\u00e9ation d\u2019un catalogue commun de diffusion, organisation d\u2019une journ\u00e9e professionnelle, visibilit\u00e9 du conte sur un territoire, rencontre autour de la pratique du conte. Les collectifs sont avant tout une aventure humaine et vivante qui s\u2019inscrit dans une pratique artistique et\/ou dans une d\u00e9marche de dynamisation et de reconnaissance de la pratique du conte sur un territoire. Nous avons pu en voir la diversit\u00e9, la singularit\u00e9. La richesse du collectif appara\u00eet dans la d\u00e9marche qu\u2019il implique&nbsp;: une construction ensemble vers un objectif commun. Il demande du temps, de l\u2019engagement, de l\u2019intelligence collective (parfois un r\u00e8glement int\u00e9rieur, une charte pour pr\u00e9server son esprit) mais il le rend bien&nbsp;: dans cette pratique du conte somme toute assez solitaire, il est bon de cr\u00e9er des alliances, de se nourrir. C\u2019est bon pour les conteurs ET pour le conte&nbsp;! Les personnes suivantes ont particip\u00e9 et repr\u00e9sent\u00e9 les collectifs suivants&nbsp;:&nbsp; Guy Prunier (Les hauts parleurs et les grands parleuses), Anne Leviel et Thomas Dupont (COSA- Conteurs Oise, Somme, Aisne), Nadine Demarey (R\u00e9cits vagabonds 62), Fran\u00e7oise Goigoux (COA-Collectif oralit\u00e9 Auvergne), Doroth\u00e9e Marie, Fred Pougeard (Collectif Front de l\u2019Est), M\u00e9line Desaguillet et Marie Pierre Hoareau (Collectif des Hautes Alpes), Jean Dollet (Collectif Bourgogne), No\u00e9mie Sanson, Marie Pustetto<\/p>\n","protected":false},"author":23,"featured_media":4107,"comment_status":"closed","ping_status":"open","sticky":false,"template":"","format":"standard","meta":{"footnotes":""},"categories":[5],"tags":[],"class_list":["post-4595","post","type-post","status-publish","format-standard","has-post-thumbnail","hentry","category-actualites"],"_links":{"self":[{"href":"https:\/\/conteurspro.fr\/site\/wp-json\/wp\/v2\/posts\/4595","targetHints":{"allow":["GET"]}}],"collection":[{"href":"https:\/\/conteurspro.fr\/site\/wp-json\/wp\/v2\/posts"}],"about":[{"href":"https:\/\/conteurspro.fr\/site\/wp-json\/wp\/v2\/types\/post"}],"author":[{"embeddable":true,"href":"https:\/\/conteurspro.fr\/site\/wp-json\/wp\/v2\/users\/23"}],"replies":[{"embeddable":true,"href":"https:\/\/conteurspro.fr\/site\/wp-json\/wp\/v2\/comments?post=4595"}],"version-history":[{"count":1,"href":"https:\/\/conteurspro.fr\/site\/wp-json\/wp\/v2\/posts\/4595\/revisions"}],"predecessor-version":[{"id":4597,"href":"https:\/\/conteurspro.fr\/site\/wp-json\/wp\/v2\/posts\/4595\/revisions\/4597"}],"wp:featuredmedia":[{"embeddable":true,"href":"https:\/\/conteurspro.fr\/site\/wp-json\/wp\/v2\/media\/4107"}],"wp:attachment":[{"href":"https:\/\/conteurspro.fr\/site\/wp-json\/wp\/v2\/media?parent=4595"}],"wp:term":[{"taxonomy":"category","embeddable":true,"href":"https:\/\/conteurspro.fr\/site\/wp-json\/wp\/v2\/categories?post=4595"},{"taxonomy":"post_tag","embeddable":true,"href":"https:\/\/conteurspro.fr\/site\/wp-json\/wp\/v2\/tags?post=4595"}],"curies":[{"name":"wp","href":"https:\/\/api.w.org\/{rel}","templated":true}]}}