{"id":4598,"date":"2025-06-24T19:08:30","date_gmt":"2025-06-24T17:08:30","guid":{"rendered":"https:\/\/conteurspro.fr\/site\/?p=4598"},"modified":"2025-06-24T19:08:31","modified_gmt":"2025-06-24T17:08:31","slug":"lapacc-se-forme-a-la-facilitation-avec-ludn","status":"publish","type":"post","link":"https:\/\/conteurspro.fr\/site\/2025\/06\/24\/lapacc-se-forme-a-la-facilitation-avec-ludn\/","title":{"rendered":"L&rsquo;APACC se forme \u00e0 la facilitation avec l&rsquo;UDN"},"content":{"rendered":"\n<h3 class=\"wp-block-heading\"><strong>\u00a0<\/strong><\/h3>\n\n\n\n<p>Les 20 et 21 mai dernier, l\u2019ensemble de la gouvernance de l\u2019APACC s\u2019est r\u00e9unie pour deux jours de travail accompagn\u00e9 par l\u2019Universit\u00e9 Du Nous (UDN). Une formation \u00e0 la facilitation qui a \u00e9t\u00e9 possible gr\u00e2ce au soutien du FDVA. <strong>Les membres de la gouvernance ont pu renforcer leurs comp\u00e9tences \u00e0 mettre au service d\u2019une am\u00e9lioration de notre capacit\u00e9 \u00e0 faire ensemble. <\/strong>Pour ne pas apprendre dans le vide, nous avons travaill\u00e9 sur le contenu de l\u2019Assembl\u00e9e G\u00e9n\u00e9rale 2025 qui se tiendra les 9, 10 et 11 septembre \u00e0 Narbonne-plage.<strong> Ce temps d\u00e9di\u00e9 a \u00e9t\u00e9 l\u2019occasion de repenser l\u2019organisation de ce rendez-vous annuel pour le rendre encore plus vivant et efficace, plus engageant et l\u00e9ger, plus joyeux et mobilisateur.<\/strong> La grande nouveaut\u00e9 est que l\u2019Assembl\u00e9e G\u00e9n\u00e9rale se d\u00e9roulera sur trois journ\u00e9es permettant d\u2019aborder plus tranquillement et en profondeur les diff\u00e9rents sujets d\u2019actualit\u00e9.<\/p>\n","protected":false},"excerpt":{"rendered":"<p>\u00a0 Les 20 et 21 mai dernier, l\u2019ensemble de la gouvernance de l\u2019APACC s\u2019est r\u00e9unie pour deux jours de travail accompagn\u00e9 par l\u2019Universit\u00e9 Du Nous (UDN). Une formation \u00e0 la facilitation qui a \u00e9t\u00e9 possible gr\u00e2ce au soutien du FDVA. Les membres de la gouvernance ont pu renforcer leurs comp\u00e9tences \u00e0 mettre au service d\u2019une am\u00e9lioration de notre capacit\u00e9 \u00e0 faire ensemble. Pour ne pas apprendre dans le vide, nous avons travaill\u00e9 sur le contenu de l\u2019Assembl\u00e9e G\u00e9n\u00e9rale 2025 qui se tiendra les 9, 10 et 11 septembre \u00e0 Narbonne-plage. Ce temps d\u00e9di\u00e9 a \u00e9t\u00e9 l\u2019occasion de repenser l\u2019organisation de ce rendez-vous annuel pour le rendre encore plus vivant et efficace, plus engageant et l\u00e9ger, plus joyeux et mobilisateur. La grande nouveaut\u00e9 est que l\u2019Assembl\u00e9e G\u00e9n\u00e9rale se d\u00e9roulera sur trois journ\u00e9es permettant d\u2019aborder plus tranquillement et en profondeur les diff\u00e9rents sujets d\u2019actualit\u00e9.<\/p>\n","protected":false},"author":23,"featured_media":4599,"comment_status":"closed","ping_status":"open","sticky":false,"template":"","format":"standard","meta":{"footnotes":""},"categories":[5],"tags":[],"class_list":["post-4598","post","type-post","status-publish","format-standard","has-post-thumbnail","hentry","category-actualites"],"_links":{"self":[{"href":"https:\/\/conteurspro.fr\/site\/wp-json\/wp\/v2\/posts\/4598","targetHints":{"allow":["GET"]}}],"collection":[{"href":"https:\/\/conteurspro.fr\/site\/wp-json\/wp\/v2\/posts"}],"about":[{"href":"https:\/\/conteurspro.fr\/site\/wp-json\/wp\/v2\/types\/post"}],"author":[{"embeddable":true,"href":"https:\/\/conteurspro.fr\/site\/wp-json\/wp\/v2\/users\/23"}],"replies":[{"embeddable":true,"href":"https:\/\/conteurspro.fr\/site\/wp-json\/wp\/v2\/comments?post=4598"}],"version-history":[{"count":1,"href":"https:\/\/conteurspro.fr\/site\/wp-json\/wp\/v2\/posts\/4598\/revisions"}],"predecessor-version":[{"id":4600,"href":"https:\/\/conteurspro.fr\/site\/wp-json\/wp\/v2\/posts\/4598\/revisions\/4600"}],"wp:featuredmedia":[{"embeddable":true,"href":"https:\/\/conteurspro.fr\/site\/wp-json\/wp\/v2\/media\/4599"}],"wp:attachment":[{"href":"https:\/\/conteurspro.fr\/site\/wp-json\/wp\/v2\/media?parent=4598"}],"wp:term":[{"taxonomy":"category","embeddable":true,"href":"https:\/\/conteurspro.fr\/site\/wp-json\/wp\/v2\/categories?post=4598"},{"taxonomy":"post_tag","embeddable":true,"href":"https:\/\/conteurspro.fr\/site\/wp-json\/wp\/v2\/tags?post=4598"}],"curies":[{"name":"wp","href":"https:\/\/api.w.org\/{rel}","templated":true}]}}