{"id":4601,"date":"2025-07-28T18:33:15","date_gmt":"2025-07-28T16:33:15","guid":{"rendered":"https:\/\/conteurspro.fr\/site\/?p=4601"},"modified":"2025-08-08T11:43:35","modified_gmt":"2025-08-08T09:43:35","slug":"assemblee-generale-2025-toutes-les-infos","status":"publish","type":"post","link":"https:\/\/conteurspro.fr\/site\/2025\/07\/28\/assemblee-generale-2025-toutes-les-infos\/","title":{"rendered":"Assembl\u00e9e g\u00e9n\u00e9rale 2025 : toutes les infos !"},"content":{"rendered":"\n<p>L&rsquo;assembl\u00e9e g\u00e9n\u00e9rale aura lieu les<strong> 9, 10 et 11septembre \u00e0 Narbonne-Plage<\/strong>. C&rsquo;est un moment de rencontres et de retrouvailles pour les conteurs\/ses de l&rsquo;association. Un temps pour accueillir les nouveaux et nouvelles, les curieux ; un temps pour se r\u00e9unir autour du conte entre professionnel-les.&nbsp;<\/p>\n\n\n\n<p>Que vous soyez adh\u00e9rent-es ou sympathisant-es, n&rsquo;h\u00e9sitez pas \u00e0 invitez les coll\u00e8gues \u00e0 cet \u00e9v\u00e8nement !<\/p>\n\n\n\n<p><\/p>\n\n\n\n<p><strong>DATES<\/strong><\/p>\n\n\n\n<p>L&rsquo;assembl\u00e9e g\u00e9n\u00e9rale se d\u00e9roulera sur <strong>trois jours<\/strong> (et non deux comme habituellement) : <strong>Mardi 9, mercredi 10 et jeudi 11 septembre 2025.&nbsp;<\/strong><\/p>\n\n\n\n<p><strong>Il est possible de venir 1 journ\u00e9e, 2 jours ou les 3 jours.&nbsp;<\/strong><\/p>\n\n\n\n<p><strong>CONTENU&nbsp;<\/strong><\/p>\n\n\n\n<p>Actes collectifs en petits groupes, r\u00e9unions en pl\u00e9ni\u00e8res, bilans, \u00e9lections et perspectives mais aussi chants, ap\u00e9ros, partages et f\u00eate !<\/p>\n\n\n\n<p><strong>LIEU<\/strong><\/p>\n\n\n\n<p>Centre AVEA Bel Horizon \u00e0 Narbonne-Plage<\/p>\n\n\n\n<p>58 Chemin de la Falaise, 11100 Narbonne<\/p>\n\n\n\n<p><strong>HEBERGEMENT<\/strong><\/p>\n\n\n\n<p>Chambres en solo, duo, trio ou quatuor.&nbsp;<strong>Les draps sont fournis mais pas le linge de toilette. <\/strong><\/p>\n\n\n\n<p>Il y a une piscine sur place et la mer est juste \u00e0 c\u00f4t\u00e9, n&rsquo;oubliez pas vos maillots.<\/p>\n\n\n\n<p><strong>Tarif :<\/strong><\/p>\n\n\n\n<ul class=\"wp-block-list\">\n<li>Chambre quatuor : 20 euros\/nuit<\/li>\n\n\n\n<li>Chambre trio : 25 euros\/nuit<\/li>\n\n\n\n<li>Chambre duo : 28 euros\/nuit<\/li>\n\n\n\n<li>Chambre solo : 32 euros\/nuit<\/li>\n<\/ul>\n\n\n\n<p>Ces co\u00fbts ne sont pas les co\u00fbts r\u00e9els, une partie du prix est pris en charge par l&rsquo;association. Il est possible de payer en 3 fois.<\/p>\n\n\n\n<p><strong>REPAS<\/strong><\/p>\n\n\n\n<p>R\u00e9gime classique ou v\u00e9g\u00e9tarien. Indiquez-nous dans la fiche d&rsquo;inscription si vous avez un r\u00e9gime sp\u00e9cial.&nbsp;<\/p>\n\n\n\n<p><strong>Tarifs&nbsp;<\/strong><\/p>\n\n\n\n<ul class=\"wp-block-list\">\n<li><strong>Adh\u00e9rent-e : <\/strong>5 euros\/repas<\/li>\n\n\n\n<li><strong>Non adh\u00e9rent-e : <\/strong>16 euros\/repas<\/li>\n<\/ul>\n\n\n\n<p><strong>ADHESION<\/strong><\/p>\n\n\n\n<p>Il est possible d&rsquo;adh\u00e9rer \u00e0 tous moment.&nbsp;L&rsquo;adh\u00e9sion est valable de septembre \u00e0 septembre (assembl\u00e9e g\u00e9n\u00e9rale suivante incluse)<\/p>\n\n\n\n<ul class=\"wp-block-list\">\n<li>Tarif normal : 7 euros par mois \u2013 84 euros annuels<\/li>\n\n\n\n<li>Tarif r\u00e9duit : 5 euros par mois \u2013 60 euros annuels<\/li>\n\n\n\n<li>Tarif de soutien : 10 euros par mois \u2013 120 euros annuels<\/li>\n\n\n\n<li>Nouvelle adh\u00e9sion en cours d\u2019ann\u00e9e : 7 euros par mois au pro-rata des mois restants jusqu\u2019\u00e0 septembre<\/li>\n<\/ul>\n\n\n\n<p><strong>Pour adh\u00e9rer, <\/strong><a href=\"https:\/\/conteurspro.fr\/site\/adhesions\/\" target=\"_blank\" rel=\"noreferrer noopener\"><strong>cliquez-ici.<\/strong><\/a><\/p>\n\n\n\n<p><strong>TRANSPORT<\/strong><\/p>\n\n\n\n<p><strong>Train<\/strong><\/p>\n\n\n\n<p>Gare SNCF Condorcet Narbonne.<br>Gare routi\u00e8re Condorcet, en sortant de la gare \u00e0 droite \u2013 R\u00e9seau City Bus Grand Narbonne&nbsp;<\/p>\n\n\n\n<p>Ligne 8 &#8211; direction St-Pierre La mer. (Voir fiche horaire en septembre)&nbsp;<\/p>\n\n\n\n<p>Arr\u00eat : Office du tourisme &#8211; Narbonne plage (30&prime;)<br>Le centre est \u00e0 5mn \u00e0 pied, mais en grimpette&#8230;. donc on pr\u00e9voit r\u00e9cup\u00e9ration des bagages (et des gens !) en voiture, depuis l&rsquo;arr\u00eat Office du tourisme.<\/p>\n\n\n\n<p><strong>Covoiturage<\/strong><\/p>\n\n\n\n<p>Un tableau en ligne vous permettra de venir en bande joyeuse :  <a href=\"https:\/\/lite.framacalc.org\/su3lm19l2i-afr0\">cliquez-ici pour y acc\u00e9der. <\/a><\/p>\n\n\n\n<p><strong>INSCRIPTION<\/strong><\/p>\n\n\n\n<p>1- Remplissez la fiche d&rsquo;inscription et renvoyez-la par mail <strong>avant le 25 ao\u00fbt 2025<\/strong> <\/p>\n\n\n\n<p>2- R\u00e9servez vos repas et l&rsquo;h\u00e9bergement via Hello asso<\/p>\n\n\n\n<p><\/p>\n\n\n\n<div class=\"wp-block-buttons is-layout-flex wp-block-buttons-is-layout-flex\">\n<div class=\"wp-block-button\"><a class=\"wp-block-button__link wp-element-button\" href=\"https:\/\/conteurspro.fr\/site\/wp-content\/uploads\/2025\/08\/FICHE-dINSCRIPTION-2025-a-jour.odt\">Je remplis la fiche d&rsquo;inscription<\/a><\/div>\n\n\n\n<div class=\"wp-block-button\"><a class=\"wp-block-button__link wp-element-button\" href=\"https:\/\/www.helloasso.com\/associations\/association-professionnelle-des-artistes-conteurs-et-conteuses-apacc\/boutiques\/inscriptions-ag-2025-repas-et-herbergements\">Je r\u00e9serve l&rsquo;h\u00e9bergement et les repas<\/a><\/div>\n<\/div>\n\n\n\n<p><\/p>\n","protected":false},"excerpt":{"rendered":"<p>L&rsquo;assembl\u00e9e g\u00e9n\u00e9rale aura lieu les 9, 10 et 11septembre \u00e0 Narbonne-Plage. C&rsquo;est un moment de rencontres et de retrouvailles pour les conteurs\/ses de l&rsquo;association. Un temps pour accueillir les nouveaux et nouvelles, les curieux ; un temps pour se r\u00e9unir autour du conte entre professionnel-les.&nbsp; Que vous soyez adh\u00e9rent-es ou sympathisant-es, n&rsquo;h\u00e9sitez pas \u00e0 invitez les coll\u00e8gues \u00e0 cet \u00e9v\u00e8nement ! DATES L&rsquo;assembl\u00e9e g\u00e9n\u00e9rale se d\u00e9roulera sur trois jours (et non deux comme habituellement) : Mardi 9, mercredi 10 et jeudi 11 septembre 2025.&nbsp; Il est possible de venir 1 journ\u00e9e, 2 jours ou les 3 jours.&nbsp; CONTENU&nbsp; Actes collectifs en petits groupes, r\u00e9unions en pl\u00e9ni\u00e8res, bilans, \u00e9lections et perspectives mais aussi chants, ap\u00e9ros, partages et f\u00eate ! LIEU Centre AVEA Bel Horizon \u00e0 Narbonne-Plage 58 Chemin de la Falaise, 11100 Narbonne HEBERGEMENT Chambres en solo, duo, trio ou quatuor.&nbsp;Les draps sont fournis mais pas le linge de toilette. Il y a une piscine sur place et la mer est juste \u00e0 c\u00f4t\u00e9, n&rsquo;oubliez pas vos maillots. Tarif : Ces co\u00fbts ne sont pas les co\u00fbts r\u00e9els, une partie du prix est pris en charge par l&rsquo;association. Il est possible de payer en 3 fois. REPAS R\u00e9gime classique ou v\u00e9g\u00e9tarien. Indiquez-nous dans la fiche d&rsquo;inscription si vous avez un r\u00e9gime sp\u00e9cial.&nbsp; Tarifs&nbsp; ADHESION Il est possible d&rsquo;adh\u00e9rer \u00e0 tous moment.&nbsp;L&rsquo;adh\u00e9sion est valable de septembre \u00e0 septembre (assembl\u00e9e g\u00e9n\u00e9rale suivante incluse) Pour adh\u00e9rer, cliquez-ici. TRANSPORT Train Gare SNCF Condorcet Narbonne.Gare routi\u00e8re Condorcet, en sortant de la gare \u00e0 droite \u2013 R\u00e9seau City Bus Grand Narbonne&nbsp; Ligne 8 &#8211; direction St-Pierre La mer. (Voir fiche horaire en septembre)&nbsp; Arr\u00eat : Office du tourisme &#8211; Narbonne plage (30&prime;)Le centre est \u00e0 5mn \u00e0 pied, mais en grimpette&#8230;. donc on pr\u00e9voit r\u00e9cup\u00e9ration des bagages (et des gens !) en voiture, depuis l&rsquo;arr\u00eat Office du tourisme. Covoiturage Un tableau en ligne vous permettra de venir en bande joyeuse : cliquez-ici pour y acc\u00e9der. INSCRIPTION 1- Remplissez la fiche d&rsquo;inscription et renvoyez-la par mail avant le 25 ao\u00fbt 2025 2- R\u00e9servez vos repas et l&rsquo;h\u00e9bergement via Hello asso<\/p>\n","protected":false},"author":23,"featured_media":4604,"comment_status":"closed","ping_status":"open","sticky":false,"template":"","format":"standard","meta":{"footnotes":""},"categories":[5],"tags":[],"class_list":["post-4601","post","type-post","status-publish","format-standard","has-post-thumbnail","hentry","category-actualites"],"_links":{"self":[{"href":"https:\/\/conteurspro.fr\/site\/wp-json\/wp\/v2\/posts\/4601","targetHints":{"allow":["GET"]}}],"collection":[{"href":"https:\/\/conteurspro.fr\/site\/wp-json\/wp\/v2\/posts"}],"about":[{"href":"https:\/\/conteurspro.fr\/site\/wp-json\/wp\/v2\/types\/post"}],"author":[{"embeddable":true,"href":"https:\/\/conteurspro.fr\/site\/wp-json\/wp\/v2\/users\/23"}],"replies":[{"embeddable":true,"href":"https:\/\/conteurspro.fr\/site\/wp-json\/wp\/v2\/comments?post=4601"}],"version-history":[{"count":7,"href":"https:\/\/conteurspro.fr\/site\/wp-json\/wp\/v2\/posts\/4601\/revisions"}],"predecessor-version":[{"id":4677,"href":"https:\/\/conteurspro.fr\/site\/wp-json\/wp\/v2\/posts\/4601\/revisions\/4677"}],"wp:featuredmedia":[{"embeddable":true,"href":"https:\/\/conteurspro.fr\/site\/wp-json\/wp\/v2\/media\/4604"}],"wp:attachment":[{"href":"https:\/\/conteurspro.fr\/site\/wp-json\/wp\/v2\/media?parent=4601"}],"wp:term":[{"taxonomy":"category","embeddable":true,"href":"https:\/\/conteurspro.fr\/site\/wp-json\/wp\/v2\/categories?post=4601"},{"taxonomy":"post_tag","embeddable":true,"href":"https:\/\/conteurspro.fr\/site\/wp-json\/wp\/v2\/tags?post=4601"}],"curies":[{"name":"wp","href":"https:\/\/api.w.org\/{rel}","templated":true}]}}