{"id":4659,"date":"2025-07-28T18:30:28","date_gmt":"2025-07-28T16:30:28","guid":{"rendered":"https:\/\/conteurspro.fr\/site\/?p=4659"},"modified":"2025-07-29T09:44:41","modified_gmt":"2025-07-29T07:44:41","slug":"les-actes-collectifs-pendant-lag-2025","status":"publish","type":"post","link":"https:\/\/conteurspro.fr\/site\/2025\/07\/28\/les-actes-collectifs-pendant-lag-2025\/","title":{"rendered":"Les actes collectifs pendant l&rsquo;AG 2025"},"content":{"rendered":"\n<p>L&rsquo;assembl\u00e9e g\u00e9n\u00e9rale sera ponctu\u00e9e par deux actes collectifs chaque matin pendant 3 jours. Dur\u00e9e : 1h30. Voici les th\u00e9matiques pr\u00e9vues. Nous vous informerons des d\u00e9tails et inscriptions dans les semaines prochaines. <\/p>\n\n\n\n<ul class=\"wp-block-list\">\n<li><strong>Oralit\u00e9 inclusive<\/strong> \u00e0 partir d&rsquo;un conte merveilleux &#8211; Propos\u00e9 par Lodo\u00efs de la Commission \u00e9galit\u00e9<\/li>\n\n\n\n<li><strong>Qi Gong de l\u2019interpr\u00e8te<\/strong> \/ Corps de parole, voix, espace sc\u00e9nique et mise en mouvement &#8211;&nbsp;Propos\u00e9 par Nathalie K.<\/li>\n\n\n\n<li><strong>Rendre visible le conte et l&rsquo;APACC<\/strong> propos\u00e9 par L\u00e9one, r\u00e9f\u00e9rente communication.<\/li>\n\n\n\n<li><strong>Les variantes d&rsquo;un conte merveilleux<\/strong> (Tom pouce ou la fille du diable)&nbsp;propos\u00e9 par Fred L. de la commission R\u00e9pertoire. <\/li>\n\n\n\n<li><strong>Visualisation<\/strong> &#8211; ressentir et faire ressentir un monde autour de soi et le faire voir&nbsp;propos\u00e9 par&nbsp;H\u00e9l\u00e8ne L. <\/li>\n\n\n\n<li><strong>Contes et percussions corporelles<\/strong> propos\u00e9 par Vincent H. <\/li>\n<\/ul>\n\n\n\n<p><\/p>\n\n\n\n<p>Pour vous inscrire \u00e0 l&rsquo;assembl\u00e9e g\u00e9n\u00e9rale, <a href=\"https:\/\/conteurspro.fr\/site\/2025\/06\/26\/assemblee-generale-2025-toutes-les-infos\/\" data-type=\"post\" data-id=\"4601\">cliquez-ici<\/a><\/p>\n\n\n\n<p><\/p>\n","protected":false},"excerpt":{"rendered":"<p>L&rsquo;assembl\u00e9e g\u00e9n\u00e9rale sera ponctu\u00e9e par deux actes collectifs chaque matin pendant 3 jours. Dur\u00e9e : 1h30. Voici les th\u00e9matiques pr\u00e9vues. Nous vous informerons des d\u00e9tails et inscriptions dans les semaines prochaines. Pour vous inscrire \u00e0 l&rsquo;assembl\u00e9e g\u00e9n\u00e9rale, cliquez-ici<\/p>\n","protected":false},"author":23,"featured_media":4660,"comment_status":"closed","ping_status":"open","sticky":false,"template":"","format":"standard","meta":{"footnotes":""},"categories":[5],"tags":[],"class_list":["post-4659","post","type-post","status-publish","format-standard","has-post-thumbnail","hentry","category-actualites"],"_links":{"self":[{"href":"https:\/\/conteurspro.fr\/site\/wp-json\/wp\/v2\/posts\/4659","targetHints":{"allow":["GET"]}}],"collection":[{"href":"https:\/\/conteurspro.fr\/site\/wp-json\/wp\/v2\/posts"}],"about":[{"href":"https:\/\/conteurspro.fr\/site\/wp-json\/wp\/v2\/types\/post"}],"author":[{"embeddable":true,"href":"https:\/\/conteurspro.fr\/site\/wp-json\/wp\/v2\/users\/23"}],"replies":[{"embeddable":true,"href":"https:\/\/conteurspro.fr\/site\/wp-json\/wp\/v2\/comments?post=4659"}],"version-history":[{"count":5,"href":"https:\/\/conteurspro.fr\/site\/wp-json\/wp\/v2\/posts\/4659\/revisions"}],"predecessor-version":[{"id":4667,"href":"https:\/\/conteurspro.fr\/site\/wp-json\/wp\/v2\/posts\/4659\/revisions\/4667"}],"wp:featuredmedia":[{"embeddable":true,"href":"https:\/\/conteurspro.fr\/site\/wp-json\/wp\/v2\/media\/4660"}],"wp:attachment":[{"href":"https:\/\/conteurspro.fr\/site\/wp-json\/wp\/v2\/media?parent=4659"}],"wp:term":[{"taxonomy":"category","embeddable":true,"href":"https:\/\/conteurspro.fr\/site\/wp-json\/wp\/v2\/categories?post=4659"},{"taxonomy":"post_tag","embeddable":true,"href":"https:\/\/conteurspro.fr\/site\/wp-json\/wp\/v2\/tags?post=4659"}],"curies":[{"name":"wp","href":"https:\/\/api.w.org\/{rel}","templated":true}]}}