{"id":4842,"date":"2025-11-04T15:53:07","date_gmt":"2025-11-04T14:53:07","guid":{"rendered":"https:\/\/conteurspro.fr\/site\/?p=4842"},"modified":"2025-11-04T15:55:00","modified_gmt":"2025-11-04T14:55:00","slug":"quest-ce-qui-est-legal-pour-les-artistes-en-micro-entreprise","status":"publish","type":"post","link":"https:\/\/conteurspro.fr\/site\/2025\/11\/04\/quest-ce-qui-est-legal-pour-les-artistes-en-micro-entreprise\/","title":{"rendered":"Qu&rsquo;est ce qui est l\u00e9gal pour les artistes en micro-entreprise ?"},"content":{"rendered":"\n<p>Petit rappel de la l\u00e9gislation concernant les statuts d&rsquo;auto-entrepreneur-e et d&rsquo;artiste salari\u00e9 en CDDU pour s&rsquo;y retrouver un peu ! <\/p>\n\n\n\n<p>Et pour acc\u00e9der aux autres fiches pratiques de la commission Legislation et du RNCAP, <a href=\"https:\/\/conteurspro.fr\/site\/les-fiches-pratiques-de-la-commission-sel\/\">cliquez-ici  !<\/a><\/p>\n\n\n\n<div data-wp-interactive=\"core\/file\" class=\"wp-block-file\"><object data-wp-bind--hidden=\"!state.hasPdfPreview\" hidden class=\"wp-block-file__embed\" data=\"https:\/\/conteurspro.fr\/site\/wp-content\/uploads\/2025\/11\/FICHE-ArtisteConteur-et-microEntreprise_attention-danger-_version4sept25.pdf\" type=\"application\/pdf\" style=\"width:100%;height:600px\" aria-label=\"Contenu embarqu\u00e9 FICHE ArtisteConteur et microEntreprise_attention danger !_version4sept25.\"><\/object><a id=\"wp-block-file--media-1d54a805-2a01-46e7-994c-7dc552771362\" href=\"https:\/\/conteurspro.fr\/site\/wp-content\/uploads\/2025\/11\/FICHE-ArtisteConteur-et-microEntreprise_attention-danger-_version4sept25.pdf\">FICHE ArtisteConteur et microEntreprise_attention danger !_version4sept25<\/a><a href=\"https:\/\/conteurspro.fr\/site\/wp-content\/uploads\/2025\/11\/FICHE-ArtisteConteur-et-microEntreprise_attention-danger-_version4sept25.pdf\" class=\"wp-block-file__button wp-element-button\" download aria-describedby=\"wp-block-file--media-1d54a805-2a01-46e7-994c-7dc552771362\">T\u00e9l\u00e9charger<\/a><\/div>\n","protected":false},"excerpt":{"rendered":"<p>Petit rappel de la l\u00e9gislation concernant les statuts d&rsquo;auto-entrepreneur-e et d&rsquo;artiste salari\u00e9 en CDDU pour s&rsquo;y retrouver un peu ! Et pour acc\u00e9der aux autres fiches pratiques de la commission Legislation et du RNCAP, cliquez-ici !<\/p>\n","protected":false},"author":23,"featured_media":4845,"comment_status":"closed","ping_status":"open","sticky":false,"template":"","format":"standard","meta":{"footnotes":""},"categories":[5],"tags":[],"class_list":["post-4842","post","type-post","status-publish","format-standard","has-post-thumbnail","hentry","category-actualites"],"_links":{"self":[{"href":"https:\/\/conteurspro.fr\/site\/wp-json\/wp\/v2\/posts\/4842","targetHints":{"allow":["GET"]}}],"collection":[{"href":"https:\/\/conteurspro.fr\/site\/wp-json\/wp\/v2\/posts"}],"about":[{"href":"https:\/\/conteurspro.fr\/site\/wp-json\/wp\/v2\/types\/post"}],"author":[{"embeddable":true,"href":"https:\/\/conteurspro.fr\/site\/wp-json\/wp\/v2\/users\/23"}],"replies":[{"embeddable":true,"href":"https:\/\/conteurspro.fr\/site\/wp-json\/wp\/v2\/comments?post=4842"}],"version-history":[{"count":2,"href":"https:\/\/conteurspro.fr\/site\/wp-json\/wp\/v2\/posts\/4842\/revisions"}],"predecessor-version":[{"id":4847,"href":"https:\/\/conteurspro.fr\/site\/wp-json\/wp\/v2\/posts\/4842\/revisions\/4847"}],"wp:featuredmedia":[{"embeddable":true,"href":"https:\/\/conteurspro.fr\/site\/wp-json\/wp\/v2\/media\/4845"}],"wp:attachment":[{"href":"https:\/\/conteurspro.fr\/site\/wp-json\/wp\/v2\/media?parent=4842"}],"wp:term":[{"taxonomy":"category","embeddable":true,"href":"https:\/\/conteurspro.fr\/site\/wp-json\/wp\/v2\/categories?post=4842"},{"taxonomy":"post_tag","embeddable":true,"href":"https:\/\/conteurspro.fr\/site\/wp-json\/wp\/v2\/tags?post=4842"}],"curies":[{"name":"wp","href":"https:\/\/api.w.org\/{rel}","templated":true}]}}