{"id":886,"date":"2020-03-05T22:27:19","date_gmt":"2020-03-05T21:27:19","guid":{"rendered":"https:\/\/conteurspro.fr\/site\/?p=886"},"modified":"2024-02-05T11:23:15","modified_gmt":"2024-02-05T10:23:15","slug":"le-compte-rendu-integral-des-journees-sur-la-visibilite-des-femmes-anthropologues","status":"publish","type":"post","link":"https:\/\/conteurspro.fr\/site\/2020\/03\/05\/le-compte-rendu-integral-des-journees-sur-la-visibilite-des-femmes-anthropologues\/","title":{"rendered":"Le compte-rendu int\u00e9gral des journ\u00e9es sur la visibilit\u00e9 des femmes anthropologues&#8230;"},"content":{"rendered":"<p>Visibilit\u00e9 des femmes anthropologues, folkloristes, collecteuses, c&rsquo;\u00e9taient deux journ\u00e9es organis\u00e9es par la commission \u00e9galit\u00e9 de l&rsquo;APAC \u00e0 Paris les 8 et 9 octobre 2019.<br \/>\nLe compte rendu int\u00e9gral de la journ\u00e9e du 8 est maintenant consultable en ligne : <a href=\"https:\/\/conteurspro.fr\/site\/wp-content\/uploads\/2020\/03\/Visibilit\u00e9-des-femmes-anthropologues-CR-int\u00e9gral-du-8-oct-2019.pdf\">Visibilit\u00e9 des femmes anthropologues CR int\u00e9gral du 8 oct 2019<\/a>.<br \/>\nIl comprend :<br \/>\n&#8211; la pr\u00e9sentation des deux journ\u00e9es,<br \/>\n&#8211; le texte du <strong>Manifeste<\/strong> qui y a \u00e9t\u00e9 r\u00e9dig\u00e9,<br \/>\n&#8211; le texte de la conf\u00e9rence de <strong>Aurore Evain : \u00a0\u00bb Matrimoine et autrice : derri\u00e8re des mots interdits, des femmes et des oeuvres d\u00e9l\u00e9gitimis\u00e9es\u00a0\u00bb,<\/strong><br \/>\n&#8211; le texte de la conf\u00e9rence de\u00a0 <strong>Jean Lo\u00efc Le Quellec : \u00ab\u00a0O\u00f9 sont les femmes anthropologues ?\u00a0\u00bb<\/strong><br \/>\n&#8211; ainsi que les \u00e9changes avec le public.<br \/>\n<strong>Pour en savoir plus sur les activit\u00e9s de la commission \u00e9galit\u00e9 de l&rsquo;APAC<\/strong>,\u00a0 <a href=\"https:\/\/conteurspro.fr\/site\/commission-egalite\/\">suivez le lien !<\/a><\/p>\n<p>&nbsp;<\/p>\n","protected":false},"excerpt":{"rendered":"<p>Visibilit\u00e9 des femmes anthropologues, folkloristes, collecteuses, c&rsquo;\u00e9taient deux journ\u00e9es organis\u00e9es par la commission \u00e9galit\u00e9 de l&rsquo;APAC \u00e0 Paris les 8 et 9 octobre 2019. Le compte rendu int\u00e9gral de la journ\u00e9e du 8 est maintenant consultable en ligne : Visibilit\u00e9 des femmes anthropologues CR int\u00e9gral du 8 oct 2019. Il comprend : &#8211; la pr\u00e9sentation des deux journ\u00e9es, &#8211; le texte du Manifeste qui y a \u00e9t\u00e9 r\u00e9dig\u00e9, &#8211; le texte de la conf\u00e9rence de Aurore Evain : \u00a0\u00bb Matrimoine et autrice : derri\u00e8re des mots interdits, des femmes et des oeuvres d\u00e9l\u00e9gitimis\u00e9es\u00a0\u00bb, &#8211; le texte de la conf\u00e9rence de\u00a0 Jean Lo\u00efc Le Quellec : \u00ab\u00a0O\u00f9 sont les femmes anthropologues ?\u00a0\u00bb &#8211; ainsi que les \u00e9changes avec le public. Pour en savoir plus sur les activit\u00e9s de la commission \u00e9galit\u00e9 de l&rsquo;APAC,\u00a0 suivez le lien ! &nbsp;<\/p>\n","protected":false},"author":6,"featured_media":0,"comment_status":"closed","ping_status":"open","sticky":false,"template":"","format":"standard","meta":{"footnotes":""},"categories":[1],"tags":[],"class_list":["post-886","post","type-post","status-publish","format-standard","hentry","category-non-classe"],"_links":{"self":[{"href":"https:\/\/conteurspro.fr\/site\/wp-json\/wp\/v2\/posts\/886","targetHints":{"allow":["GET"]}}],"collection":[{"href":"https:\/\/conteurspro.fr\/site\/wp-json\/wp\/v2\/posts"}],"about":[{"href":"https:\/\/conteurspro.fr\/site\/wp-json\/wp\/v2\/types\/post"}],"author":[{"embeddable":true,"href":"https:\/\/conteurspro.fr\/site\/wp-json\/wp\/v2\/users\/6"}],"replies":[{"embeddable":true,"href":"https:\/\/conteurspro.fr\/site\/wp-json\/wp\/v2\/comments?post=886"}],"version-history":[{"count":5,"href":"https:\/\/conteurspro.fr\/site\/wp-json\/wp\/v2\/posts\/886\/revisions"}],"predecessor-version":[{"id":893,"href":"https:\/\/conteurspro.fr\/site\/wp-json\/wp\/v2\/posts\/886\/revisions\/893"}],"wp:attachment":[{"href":"https:\/\/conteurspro.fr\/site\/wp-json\/wp\/v2\/media?parent=886"}],"wp:term":[{"taxonomy":"category","embeddable":true,"href":"https:\/\/conteurspro.fr\/site\/wp-json\/wp\/v2\/categories?post=886"},{"taxonomy":"post_tag","embeddable":true,"href":"https:\/\/conteurspro.fr\/site\/wp-json\/wp\/v2\/tags?post=886"}],"curies":[{"name":"wp","href":"https:\/\/api.w.org\/{rel}","templated":true}]}}