{"id":902,"date":"2020-04-21T15:40:25","date_gmt":"2020-04-21T13:40:25","guid":{"rendered":"https:\/\/conteurspro.fr\/site\/?p=902"},"modified":"2024-02-05T11:23:26","modified_gmt":"2024-02-05T10:23:26","slug":"353-conteuses-et-conteurs-professionnel-les-recenses-a-ce-jour","status":"publish","type":"post","link":"https:\/\/conteurspro.fr\/site\/2020\/04\/21\/353-conteuses-et-conteurs-professionnel-les-recenses-a-ce-jour\/","title":{"rendered":"382 conteuses et conteurs professionnel-les recens\u00e9s au 15 06 2020&#8230;"},"content":{"rendered":"<p>La liste mise \u00e0 jour le\u00a0 15 juin 2020 est consultable <a href=\"https:\/\/conteurspro.fr\/site\/recensement-3\/\">ici<\/a>.<br \/>\nVous n&rsquo;y \u00eates pas ? Il vous suffit de remplir <a href=\"https:\/\/conteurspro.fr\/site\/wp-content\/uploads\/2020\/02\/courrier-recensement-APAC-2020.doc\">le bulletin<\/a> et de nous le renvoyer \u00e0 l&rsquo;adresse indiqu\u00e9e.<br \/>\nVous y \u00eates, mais pas vos coll\u00e8gues ? Envoyez leur un mail personnalis\u00e9 <a href=\"https:\/\/conteurspro.fr\/site\/wp-content\/uploads\/2020\/02\/courrier-recensement-APAC-2020.doc\">avec le bulletin<\/a>, c&rsquo;est ce qui marche le mieux&#8230;<\/p>\n","protected":false},"excerpt":{"rendered":"<p>La liste mise \u00e0 jour le\u00a0 15 juin 2020 est consultable ici. Vous n&rsquo;y \u00eates pas ? Il vous suffit de remplir le bulletin et de nous le renvoyer \u00e0 l&rsquo;adresse indiqu\u00e9e. Vous y \u00eates, mais pas vos coll\u00e8gues ? Envoyez leur un mail personnalis\u00e9 avec le bulletin, c&rsquo;est ce qui marche le mieux&#8230;<\/p>\n","protected":false},"author":6,"featured_media":0,"comment_status":"closed","ping_status":"closed","sticky":false,"template":"","format":"standard","meta":{"footnotes":""},"categories":[1],"tags":[],"class_list":["post-902","post","type-post","status-publish","format-standard","hentry","category-non-classe"],"_links":{"self":[{"href":"https:\/\/conteurspro.fr\/site\/wp-json\/wp\/v2\/posts\/902","targetHints":{"allow":["GET"]}}],"collection":[{"href":"https:\/\/conteurspro.fr\/site\/wp-json\/wp\/v2\/posts"}],"about":[{"href":"https:\/\/conteurspro.fr\/site\/wp-json\/wp\/v2\/types\/post"}],"author":[{"embeddable":true,"href":"https:\/\/conteurspro.fr\/site\/wp-json\/wp\/v2\/users\/6"}],"replies":[{"embeddable":true,"href":"https:\/\/conteurspro.fr\/site\/wp-json\/wp\/v2\/comments?post=902"}],"version-history":[{"count":7,"href":"https:\/\/conteurspro.fr\/site\/wp-json\/wp\/v2\/posts\/902\/revisions"}],"predecessor-version":[{"id":1100,"href":"https:\/\/conteurspro.fr\/site\/wp-json\/wp\/v2\/posts\/902\/revisions\/1100"}],"wp:attachment":[{"href":"https:\/\/conteurspro.fr\/site\/wp-json\/wp\/v2\/media?parent=902"}],"wp:term":[{"taxonomy":"category","embeddable":true,"href":"https:\/\/conteurspro.fr\/site\/wp-json\/wp\/v2\/categories?post=902"},{"taxonomy":"post_tag","embeddable":true,"href":"https:\/\/conteurspro.fr\/site\/wp-json\/wp\/v2\/tags?post=902"}],"curies":[{"name":"wp","href":"https:\/\/api.w.org\/{rel}","templated":true}]}}